{"id":38622,"date":"2022-01-20T13:52:23","date_gmt":"2022-01-20T12:52:23","guid":{"rendered":"https:\/\/metropoliagzm.pl\/?p=38622"},"modified":"2022-01-20T13:52:23","modified_gmt":"2022-01-20T12:52:23","slug":"katowice-walcza-o-czyste-powietrze","status":"publish","type":"post","link":"https:\/\/metropoliagzm.pl\/en\/2022\/01\/20\/katowice-walcza-o-czyste-powietrze\/","title":{"rendered":"Katowice walcz\u0105 o czyste powietrze"},"content":{"rendered":"<div class=\"pdf-block\"><div class=\"pdfprnt-buttons  pdfprnt-new pdfprnt-buttons-post pdfprnt-top-right\"><div class=\"jssocials-share jssocials-share-twitter\"><a target=\"_blank\" href=\"https:\/\/twitter.com\/share?url=https:\/\/metropoliagzm.pl\/en\/wp-json\/wp\/v2\/posts\/38622;text=38622\" class=\"jssocials-share-link\"><i class=\"fa fa-twitter jssocials-share-logo\"><\/i><\/a><\/div><div class=\"jssocials-share jssocials-share-facebook\"><a target=\"_blank\" href=\"https:\/\/facebook.com\/sharer\/sharer.php?u=https:\/\/metropoliagzm.pl\/en\/wp-json\/wp\/v2\/posts\/38622\" class=\"jssocials-share-link\"><i class=\"fa fa-facebook jssocials-share-logo\"><\/i><\/a><\/div><div class=\"jssocials-share jssocials-share-pinterest\"><a target=\"_blank\" href=\"https:\/\/pinterest.com\/pin\/create\/bookmarklet\/?&amp;url=https:\/\/metropoliagzm.pl\/en\/wp-json\/wp\/v2\/posts\/38622;description=38622\" class=\"jssocials-share-link\"><i class=\"fa fa-pinterest jssocials-share-logo\"><\/i><\/a><\/div><a href=\"https:\/\/metropoliagzm.pl\/en\/wp-json\/wp\/v2\/posts\/38622?print=pdf\" class=\"pdfprnt-button pdfprnt-button-pdf\" target=\"_blank\"><img decoding=\"async\" src=\"https:\/\/metropoliagzm.pl\/wp-content\/plugins\/pdf-print\/images\/pdf.png\" alt=\"image_pdf\" title=\"View PDF\" \/><\/a><a href=\"https:\/\/metropoliagzm.pl\/en\/wp-json\/wp\/v2\/posts\/38622?print=print\" class=\"pdfprnt-button pdfprnt-button-print\" target=\"_blank\"><img decoding=\"async\" src=\"https:\/\/metropoliagzm.pl\/wp-content\/plugins\/pdf-print\/images\/print.png\" alt=\"image_print\" title=\"Print Content\" \/><\/a><\/div><\/div><div class=\"post-block-pdf\"><div class=\"pdfprnt-buttons pdfprnt-buttons-post pdfprnt-top-right\"><a href=\"https:\/\/metropoliagzm.pl\/en\/wp-json\/wp\/v2\/posts\/38622?print=pdf\" class=\"pdfprnt-button pdfprnt-button-pdf\" target=\"_blank\"><img decoding=\"async\" src=\"https:\/\/metropoliagzm.pl\/wp-content\/plugins\/pdf-print\/images\/pdf.png\" alt=\"image_pdf\" title=\"View PDF\" \/><\/a><a href=\"https:\/\/metropoliagzm.pl\/en\/wp-json\/wp\/v2\/posts\/38622?print=print\" class=\"pdfprnt-button pdfprnt-button-print\" target=\"_blank\"><img decoding=\"async\" src=\"https:\/\/metropoliagzm.pl\/wp-content\/plugins\/pdf-print\/images\/print.png\" alt=\"image_print\" title=\"Print Content\" \/><\/a><\/div><div id=\"news_title\"><strong>Miasto Katowice prowadzi szereg dzia\u0142a\u0144 maj\u0105cych na celu popraw\u0119 jako\u015bci powietrza: dofinansowanie wymiany systemu ogrzewania nawet do 10 tys. z\u0142, kampania edukacyjna #nietruj, wsparcie dla os\u00f3b gorzej sytuowanych, stawianie na transport zr\u00f3wnowa\u017cony to tylko kilka przyk\u0142ad\u00f3w. Dzia\u0142ania miasta przynosz\u0105 efekty. Z roku na rok jako\u015b\u0107 powietrza si\u0119 poprawia i cho\u0107 wiele trzeba jeszcze zrobi\u0107, miasto mo\u017ce pochwali\u0107 si\u0119 dobrymi statystykami.<\/strong><\/div>\n<div id=\"news_content\">\n<p>\u2013\u00a0<em class=\"ms-rteStyle-Quote\">Katowice w ostatnich latach zintensyfikowa\u0142y dzia\u0142ania na rzecz walki o czyste powietrze. W latach 2015-2021 dzi\u0119ki miejskiemu programowi dofinansowano wymian\u0119 6 273 \u017ar\u00f3de\u0142 ciep\u0142a kosztem ponad 53,5 mln z\u0142. Dotacje mog\u0105 otrzyma\u0107 osoby fizyczne, wsp\u00f3lnoty mieszkaniowe, osoby prawne i przedsi\u0119biorcy. Wsparcie miasta si\u0119ga nawet do 10 tys. z\u0142. Ze smogiem walczymy na wielu frontach. Poza wymian\u0105 kot\u0142\u00f3w realizujemy projekty termomodernizacji, Stra\u017c Miejska wykonuje kontrole, inwestujemy tak\u017ce setki milion\u00f3w z\u0142otych w komunikacj\u0119 publiczn\u0105. Powietrze z roku na rok jest coraz lepsze, ale do idea\u0142u wci\u0105\u017c daleko<\/em>\u00a0\u2013 m\u00f3wi\u00a0<strong>Marcin Krupa<\/strong>\u00a0prezydent Katowic.<\/p>\n<p><strong>Wymiana \u017ar\u00f3de\u0142 ciep\u0142a<\/strong><\/p>\n<p>Cho\u0107 chcieliby\u015bmy dzia\u0142a\u0107 szybciej i podobnie jak w latach 2015-2019 \u2013 realizowa\u0107 wiele kontroli smogowych, musi czasem zmierzy\u0107 si\u0119 z sytuacj\u0105, w kt\u00f3rej stra\u017c miejska decyzj\u0105 wojewod\u00f3w w ca\u0142ym kraju jest w dyspozycji Policji, a sytuacja epidemiologiczna, czy te\u017c ekonomiczna wp\u0142ywa na decyzje mieszka\u0144c\u00f3w m. in. na te zwi\u0105zane ze zmian\u0105 systemu ogrzewania. W minionym roku stra\u017c miejska przeprowadzi\u0142a \u0142\u0105cznie 470 kontroli palenisk i urz\u0105dze\u0144 grzewczych z czego ponad 20 os\u00f3b zosta\u0142o ukaranych mandatem (dwie za spalanie odpad\u00f3w). Jednocze\u015bnie nie stwierdzono wykrocze\u0144 zwi\u0105zanych z spalaniem paliw zabronionych w tym wilgotnego drewna. W Katowicach wprowadzono zmiany w polityce wsparcia os\u00f3b gorzej sytuowanych w zwi\u0105zku ze wzrostem koszt\u00f3w ogrzewania, co mo\u017ce mie\u0107 wp\u0142yw na to czym pal\u0105 mieszka\u0144cy. &#8211;\u00a0<em><span class=\"ms-rteStyle-Quote\">W systemie pomocy spo\u0142ecznej, kt\u00f3rej podopieczni w zdecydowanej wi\u0119kszo\u015bci korzystaj\u0105 z piec\u00f3w w\u0119glowych wprowadzono mo\u017cliwo\u015b\u0107 uzyskania jednorazowej dop\u0142aty w wysoko\u015bci 900 z\u0142. Nale\u017cy podkre\u015bli\u0107, \u017ce \u015brodki te musz\u0105 by\u0107 wydatkowane na w\u0119giel dobrej jako\u015bci, co r\u00f3wnie\u017c wp\u0142ywa na jako\u015b\u0107 powietrza. Istnieje r\u00f3wnie\u017c mo\u017cliwo\u015b\u0107 skorzystania z zasi\u0142ku na pokrycie koszt\u00f3w ogrzewania elektrycznego lub gazowego w wysoko\u015bci do 1 200 z\u0142. Z tej formy pomocy w 2020 skorzysta\u0142y roku 44 rodziny, a w 2021 r. tych rodzin by\u0142o ju\u017c ponad 70\u00a0<\/span>\u2013\u00a0<\/em>m\u00f3wi\u00a0<strong>Ma\u0142gorzata Mory\u0144 \u2013 Trz\u0119simiech,\u00a0<\/strong>naczelnik wydzia\u0142u polityki spo\u0142ecznej.<\/p>\n<p>Mimo, \u017ce Katowice nie maja limitu na \u015brodki przeznaczone na dofinansowanie wymiany \u017ar\u00f3de\u0142 ciep\u0142a to szacuje si\u0119, \u017ce jest \u00a0jeszcze ok. 15 tys. system\u00f3w grzewczych kwalifikuj\u0105cych si\u0119 do wymiany. Katowice na bie\u017c\u0105co wprowadzaj\u0105 zmiany, kt\u00f3re pozwalaj\u0105 mieszka\u0144com jeszcze szerzej korzysta\u0107 ze wsparcia miasta w zakresie wymiany \u017ar\u00f3de\u0142 ciep\u0142a na te bardziej ekologiczne. Od 2021 r. zaprzestano udzielania dotacji do zakupu kot\u0142\u00f3w w\u0119glowych, w zamian skracaj\u0105c okres karencji dla wymiany kot\u0142\u00f3w w\u0119glowych zakupionych wcze\u015bniej w systemie dotacji z 10 do 5 lat oraz podniesiono do 10\u00a0tys. maksymaln\u0105 wysoko\u015b\u0107 dofinansowania dla kot\u0142\u00f3w na pellet oraz pomp ciep\u0142a przeznaczonych na cele grzewcze. W ramach dodatkowych dzia\u0142a\u0144 stworzono mo\u017cliwo\u015b\u0107 udzielania cesji kwoty dotacji celowej na zmian\u0119 systemu ogrzewania. Przy tym rozwi\u0105zaniu dotacja celowa mo\u017ce by\u0107 wyp\u0142acona do wysoko\u015bci dotacji bezpo\u015brednio na konto Wykonawcy dokonuj\u0105cego wymiany systemu ogrzewania i \/lub monta\u017cu odnawialnego \u017ar\u00f3d\u0142a energii. \u00a0&#8211;\u00a0<em class=\"ms-rteStyle-Quote\">W naszym mie\u015bcie ka\u017cda osoba, kt\u00f3ra z\u0142o\u017cy wniosek o wymian\u0119 kopciucha i spe\u0142ni wymogi, otrzyma dotacj\u0119 na zmian\u0119 ogrzewania. Dotacje mog\u0105 otrzyma\u0107 osoby fizyczne, wsp\u00f3lnoty mieszkaniowe, osoby prawne i przedsi\u0119biorcy. Wsparcie miasta w Katowicach jest jednym z najwi\u0119kszych w Polsce! W roku 2021 wymienili\u015bmy 1407 system\u00f3w ogrzewania na ekologiczne w lokalach i budynkach\u00a0<\/em>\u2013 m\u00f3wi\u00a0<strong>Daniel Wolny<\/strong>, kierownik biura zarz\u0105dzania energi\u0105.<\/p>\n<p>W przypadku zasobu komunalnego KZGM intensyfikuje swoje dzia\u0142ania i planuje przeprowadzi\u0107 zmian\u0119 sposobu ogrzewania w lokalach mieszkalnych znajduj\u0105cych si\u0119 w zasobach miasta Katowice. Do 2023 roku planuje si\u0119 modernizacj\u0119 47 budynk\u00f3w na kwot\u0119 prawie 99 mln z\u0142. Cz\u0119\u015b\u0107 rob\u00f3t zosta\u0142a ju\u017c rozpocz\u0119ta.<\/p>\n<p>Dzia\u0142ania miasta przynosz\u0105 efekty. Z roku na rok jako\u015b\u0107 powietrza si\u0119 poprawia i cho\u0107 wiele trzeba jeszcze zrobi\u0107, miasto mo\u017ce pochwali\u0107 si\u0119 dobrymi statystykami. Dane \u201eSystemu monitoringu jako\u015bci powietrza&#8221; Wojew\u00f3dzkiego Inspektoratu Ochrony \u015arodowiska pokazuj\u0105, \u017ce 2020 rok charakteryzowa\u0142 si\u0119 najlepsz\u0105 jako\u015bci\u0105 powietrza w historii pomiar\u00f3w. Dla wska\u017anika PM10 (parametr okre\u015blaj\u0105cy ilo\u015b\u0107 zawieszonych w metrze sze\u015bciennym powietrza cz\u0105steczek o \u015brednicy nieprzekraczaj\u0105cej 10 mikrometr\u00f3w) \u015brednia miesi\u0119czna w ubieg\u0142ym roku wynios\u0142a 31 (w 2020 \u2013 29), czyli by\u0142 to drugi najlepszy wynik w historii. Dla por\u00f3wnania w 2018 r. by\u0142o to 40, a w 2017 r. \u2013 41, natomiast w 2010 r. \u015brednioroczny wska\u017anik PM10 wyni\u00f3s\u0142 a\u017c 52. Por\u00f3wnuj\u0105c rok 2020 i 2019 ilo\u015b\u0107 py\u0142u zawieszonego PM10 spad\u0142a o 12%, a na przestrzeni 10 lat jest to spadek a\u017c o 44%.<\/p>\n<p><strong>Inne dzia\u0142ania Katowic: smogobus, Miejskie Centrum Energii, transport zr\u00f3wnowa\u017cony<\/strong><\/p>\n<p>Ostatni kwarta\u0142 2021 r. to czas trwania kampanii edukacyjnej \u201e#nieTruj&#8221;, kt\u00f3ra stanowi\u0142a kontynuacj\u0119 akcji z roku 2020. Kampania ma na celu podniesienie \u015bwiadomo\u015bci mieszka\u0144c\u00f3w Katowic na temat zanieczyszczenia powietrza, przyczyn jego powstawania, wp\u0142ywu na komfort \u017cycia, zagro\u017ce\u0144 p\u0142yn\u0105cych z niskiej emisji oraz mo\u017cliwo\u015bci przeciwdzia\u0142ania temu zjawisku. W ramach akcji na ulice miasta po raz kolejny ruszy\u0142 Smogobus &#8211; mobilny punkt informacyjny, w kt\u00f3rym mo\u017cna by\u0142o zapozna\u0107 si\u0119 z tzw. \u201euchwa\u0142\u0105 antysmogow\u0105&#8221;, systemem dotacji Miasta Katowice, programami \u201eCzyste Powietrze&#8221; i \u201eM\u00f3j Pr\u0105d&#8221;, ofert\u0105 WFO\u015aiGW w Katowicach, a przede wszystkim z\u0142o\u017cy\u0107 wniosek o dotacj\u0119 na wymian\u0119 \u017ar\u00f3d\u0142a ciep\u0142a.<\/p>\n<p>W ramach ostatniej edycji kampanii \u201e#nieTruj&#8221; Smogobus odwiedzi\u0142 30 miejsc na mapie miasta. Z jego us\u0142ug skorzysta\u0142o ponad 500 mieszka\u0144c\u00f3w Katowic, kt\u00f3rzy otrzymali porady m.in. dotycz\u0105ce mo\u017cliwo\u015bci wymiany \u017ar\u00f3d\u0142a ogrzewania na bardziej ekologiczne. W ponad 100 przypadkach zwie\u0144czeniem konsultacji w Smogobusie by\u0142o z\u0142o\u017cenie w nim wniosk\u00f3w o dofinansowanie wymiany starych \u201ekopciuch\u00f3w&#8221; na nowe, ekologiczne formy ogrzewania. Zdecydowanie najwi\u0119cej ch\u0119tnych do skorzystania z porad w Smogobusie by\u0142o w dzielnicach po\u0142udniowych \u2013 Murckach, Giszowcu, Podlesiu, Piotrowicach, Panewnikach, Ochojcu oraz Kostuchnie. Du\u017cym zainteresowaniem Smogobus cieszy\u0142 si\u0119 tak\u017ce w \u015ar\u00f3dmie\u015bciu.<\/p>\n<p>Przypomnijmy, \u017ce od wrze\u015bnia 2018 roku w Katowicach dzia\u0142a tak\u017ce Miejskie Centrum Energii. W pierwszym roku funkcjonowania centrum udzieli\u0142o niespe\u0142na 2 tys. porad, rok p\u00f3\u017aniej prawie 3,5 tys., a w roku ubieg\u0142ym by\u0142o to ju\u017c ponad 5,6 tys. Celem MCE jest wspieranie mieszka\u0144c\u00f3w oraz ma\u0142ych i \u015brednich przedsi\u0119biorc\u00f3w w zakresie us\u0142ug doradczych zwi\u0105zanych ze wzrostem efektywno\u015bci energetycznej, ochron\u0105 powietrza i klimatu oraz wsparcie przy szukaniu informacji dotycz\u0105cych mo\u017cliwych finansowania tego typu przedsi\u0119wzi\u0119\u0107.<\/p>\n<p>Istotnymi elementami maj\u0105cymi poprawi\u0107 jako\u015b\u0107 powietrza w centrum Katowic jest uko\u0144czenie budowy 4 centr\u00f3w przesiadkowych o warto\u015bci ponad 260 mln z\u0142, przebudowy DK 81 w Piotrowicach i kontynuowanie prac na odcinku w Giszowcu o \u0142\u0105cznej warto\u015bci ponad 250 mln z\u0142. Wszystkie te dzia\u0142ania ograniczaj\u0105ce ruch samochodowy w centrum miasta, oraz usprawniaj\u0105ce tranzyt maj\u0105 na celu ograniczenie emisji CO2 przez pojazdy spalinowe. Miasto podpisa\u0142o umow\u0119 na zaprojektowanie i wdro\u017cenie ITS, a wi\u0119c systemu zarz\u0105dzania transportem, kt\u00f3ry powinien by\u0107 gotowy w 2023 roku. Dodatkowo, na liniach kursuj\u0105cych po Katowicach, pojawiaj\u0105 si\u0119 nowe autobusy spe\u0142niaj\u0105ce najbardziej rygorystyczne normy emisji spalin oraz autobusy o nap\u0119dzie elektrycznym. Zmienia si\u0119 polityka parkingow\u0105, a tak\u017ce rozwijana jest infrastruktura rowerowa.<\/p>\n<p>\u0179r\u00f3d\u0142o: UM Katowice<\/p>\n<\/div>\n<div class=\"post-author\" style=\"font-size:13px\">Micha\u0142 Nowak<\/div><\/div>","protected":false},"excerpt":{"rendered":"<p>Miasto Katowice prowadzi szereg dzia\u0142a\u0144 maj\u0105cych na celu popraw\u0119 jako\u015bci powietrza: dofinansowanie wymiany systemu ogrzewania nawet do 10 tys. z\u0142, kampania edukacyjna #nietruj, wsparcie dla os\u00f3b gorzej sytuowanych, stawianie na transport zr\u00f3wnowa\u017cony to tylko kilka przyk\u0142ad\u00f3w. Dzia\u0142ania miasta przynosz\u0105 efekty. Z roku na rok jako\u015b\u0107&#8230;<\/p>","protected":false},"author":134,"featured_media":38623,"comment_status":"closed","ping_status":"closed","sticky":false,"template":"","format":"standard","meta":{"_acf_changed":false,"footnotes":""},"categories":[207,242],"tags":[249,258],"class_list":["post-38622","post","type-post","status-publish","format-standard","has-post-thumbnail","hentry","category-katowice","category-mieszkancy","tag-katowice","tag-smog"],"acf":[],"yoast_head":"<!-- This site is optimized with the Yoast SEO plugin v27.4 - https:\/\/yoast.com\/product\/yoast-seo-wordpress\/ -->\n<title>Katowice walcz\u0105 o czyste powietrze - Metropolia GZM<\/title>\n<meta name=\"description\" content=\"Oficjalny portal G\u00f3rno\u015bl\u0105sko-Zag\u0142\u0119biowskiej Metropolii\" \/>\n<meta name=\"robots\" content=\"index, follow, max-snippet:-1, max-image-preview:large, max-video-preview:-1\" \/>\n<link rel=\"canonical\" href=\"https:\/\/metropoliagzm.pl\/en\/2022\/01\/20\/katowice-walcza-o-czyste-powietrze\/\" \/>\n<meta name=\"twitter:card\" content=\"summary_large_image\" \/>\n<meta name=\"twitter:title\" content=\"Katowice walcz\u0105 o czyste powietrze - Metropolia GZM\" \/>\n<meta name=\"twitter:description\" content=\"Oficjalny portal G\u00f3rno\u015bl\u0105sko-Zag\u0142\u0119biowskiej Metropolii\" \/>\n<meta name=\"twitter:image\" content=\"https:\/\/metropoliagzm.pl\/wp-content\/uploads\/2022\/01\/smogobus.jpg\" \/>\n<meta name=\"twitter:label1\" content=\"Written by\" \/>\n\t<meta name=\"twitter:data1\" content=\"Micha\u0142 Nowak\" \/>\n\t<meta name=\"twitter:label2\" content=\"Estimated reading time\" \/>\n\t<meta name=\"twitter:data2\" content=\"5 minutes\" \/>\n<script type=\"application\/ld+json\" class=\"yoast-schema-graph\">{\"@context\":\"https:\\\/\\\/schema.org\",\"@graph\":[{\"@type\":\"Article\",\"@id\":\"https:\\\/\\\/metropoliagzm.pl\\\/2022\\\/01\\\/20\\\/katowice-walcza-o-czyste-powietrze\\\/#article\",\"isPartOf\":{\"@id\":\"https:\\\/\\\/metropoliagzm.pl\\\/2022\\\/01\\\/20\\\/katowice-walcza-o-czyste-powietrze\\\/\"},\"author\":{\"name\":\"Micha\u0142 Nowak\",\"@id\":\"https:\\\/\\\/metropoliagzm.pl\\\/en\\\/#\\\/schema\\\/person\\\/9e7660ba27bc92881ef16c6fc34ae962\"},\"headline\":\"Katowice walcz\u0105 o czyste powietrze\",\"datePublished\":\"2022-01-20T12:52:23+00:00\",\"mainEntityOfPage\":{\"@id\":\"https:\\\/\\\/metropoliagzm.pl\\\/2022\\\/01\\\/20\\\/katowice-walcza-o-czyste-powietrze\\\/\"},\"wordCount\":1289,\"publisher\":{\"@id\":\"https:\\\/\\\/metropoliagzm.pl\\\/en\\\/#organization\"},\"image\":{\"@id\":\"https:\\\/\\\/metropoliagzm.pl\\\/2022\\\/01\\\/20\\\/katowice-walcza-o-czyste-powietrze\\\/#primaryimage\"},\"thumbnailUrl\":\"https:\\\/\\\/metropoliagzm.pl\\\/wp-content\\\/uploads\\\/2022\\\/01\\\/smogobus.jpg\",\"keywords\":[\"Katowice\",\"smog\"],\"articleSection\":[\"Katowice\",\"Mieszka\u0144cy\"],\"inLanguage\":\"en-GB\"},{\"@type\":\"WebPage\",\"@id\":\"https:\\\/\\\/metropoliagzm.pl\\\/2022\\\/01\\\/20\\\/katowice-walcza-o-czyste-powietrze\\\/\",\"url\":\"https:\\\/\\\/metropoliagzm.pl\\\/2022\\\/01\\\/20\\\/katowice-walcza-o-czyste-powietrze\\\/\",\"name\":\"Katowice walcz\u0105 o czyste powietrze - Metropolia GZM\",\"isPartOf\":{\"@id\":\"https:\\\/\\\/metropoliagzm.pl\\\/en\\\/#website\"},\"primaryImageOfPage\":{\"@id\":\"https:\\\/\\\/metropoliagzm.pl\\\/2022\\\/01\\\/20\\\/katowice-walcza-o-czyste-powietrze\\\/#primaryimage\"},\"image\":{\"@id\":\"https:\\\/\\\/metropoliagzm.pl\\\/2022\\\/01\\\/20\\\/katowice-walcza-o-czyste-powietrze\\\/#primaryimage\"},\"thumbnailUrl\":\"https:\\\/\\\/metropoliagzm.pl\\\/wp-content\\\/uploads\\\/2022\\\/01\\\/smogobus.jpg\",\"datePublished\":\"2022-01-20T12:52:23+00:00\",\"description\":\"Oficjalny portal G\u00f3rno\u015bl\u0105sko-Zag\u0142\u0119biowskiej Metropolii\",\"breadcrumb\":{\"@id\":\"https:\\\/\\\/metropoliagzm.pl\\\/2022\\\/01\\\/20\\\/katowice-walcza-o-czyste-powietrze\\\/#breadcrumb\"},\"inLanguage\":\"en-GB\",\"potentialAction\":[{\"@type\":\"ReadAction\",\"target\":[\"https:\\\/\\\/metropoliagzm.pl\\\/2022\\\/01\\\/20\\\/katowice-walcza-o-czyste-powietrze\\\/\"]}]},{\"@type\":\"ImageObject\",\"inLanguage\":\"en-GB\",\"@id\":\"https:\\\/\\\/metropoliagzm.pl\\\/2022\\\/01\\\/20\\\/katowice-walcza-o-czyste-powietrze\\\/#primaryimage\",\"url\":\"https:\\\/\\\/metropoliagzm.pl\\\/wp-content\\\/uploads\\\/2022\\\/01\\\/smogobus.jpg\",\"contentUrl\":\"https:\\\/\\\/metropoliagzm.pl\\\/wp-content\\\/uploads\\\/2022\\\/01\\\/smogobus.jpg\",\"width\":1210,\"height\":545,\"caption\":\"Fot. UM Katowice\"},{\"@type\":\"BreadcrumbList\",\"@id\":\"https:\\\/\\\/metropoliagzm.pl\\\/2022\\\/01\\\/20\\\/katowice-walcza-o-czyste-powietrze\\\/#breadcrumb\",\"itemListElement\":[{\"@type\":\"ListItem\",\"position\":1,\"name\":\"Strona g\u0142\u00f3wna\",\"item\":\"https:\\\/\\\/metropoliagzm.pl\\\/\"},{\"@type\":\"ListItem\",\"position\":2,\"name\":\"Katowice walcz\u0105 o czyste powietrze\"}]},{\"@type\":\"WebSite\",\"@id\":\"https:\\\/\\\/metropoliagzm.pl\\\/en\\\/#website\",\"url\":\"https:\\\/\\\/metropoliagzm.pl\\\/en\\\/\",\"name\":\"Metropolia GZM\",\"description\":\"Oficjalny portal G\u00f3rno\u015bl\u0105sko-Zag\u0142\u0119biowskiej Metropolii\",\"publisher\":{\"@id\":\"https:\\\/\\\/metropoliagzm.pl\\\/en\\\/#organization\"},\"potentialAction\":[{\"@type\":\"SearchAction\",\"target\":{\"@type\":\"EntryPoint\",\"urlTemplate\":\"https:\\\/\\\/metropoliagzm.pl\\\/en\\\/?s={search_term_string}\"},\"query-input\":{\"@type\":\"PropertyValueSpecification\",\"valueRequired\":true,\"valueName\":\"search_term_string\"}}],\"inLanguage\":\"en-GB\"},{\"@type\":\"Organization\",\"@id\":\"https:\\\/\\\/metropoliagzm.pl\\\/en\\\/#organization\",\"name\":\"Metropolia GZM\",\"url\":\"https:\\\/\\\/metropoliagzm.pl\\\/en\\\/\",\"logo\":{\"@type\":\"ImageObject\",\"inLanguage\":\"en-GB\",\"@id\":\"https:\\\/\\\/metropoliagzm.pl\\\/en\\\/#\\\/schema\\\/logo\\\/image\\\/\",\"url\":\"https:\\\/\\\/metropoliagzm.pl\\\/wp-content\\\/uploads\\\/2019\\\/03\\\/Sygnet-strona-glowna.png\",\"contentUrl\":\"https:\\\/\\\/metropoliagzm.pl\\\/wp-content\\\/uploads\\\/2019\\\/03\\\/Sygnet-strona-glowna.png\",\"width\":36,\"height\":45,\"caption\":\"Metropolia GZM\"},\"image\":{\"@id\":\"https:\\\/\\\/metropoliagzm.pl\\\/en\\\/#\\\/schema\\\/logo\\\/image\\\/\"}},{\"@type\":\"Person\",\"@id\":\"https:\\\/\\\/metropoliagzm.pl\\\/en\\\/#\\\/schema\\\/person\\\/9e7660ba27bc92881ef16c6fc34ae962\",\"name\":\"Micha\u0142 Nowak\",\"image\":{\"@type\":\"ImageObject\",\"inLanguage\":\"en-GB\",\"@id\":\"https:\\\/\\\/secure.gravatar.com\\\/avatar\\\/2d51f070ccac4989b201dc1a42c3a6d46ff007fc5e569ff280535ab8e8122a59?s=96&d=mm&r=g\",\"url\":\"https:\\\/\\\/secure.gravatar.com\\\/avatar\\\/2d51f070ccac4989b201dc1a42c3a6d46ff007fc5e569ff280535ab8e8122a59?s=96&d=mm&r=g\",\"contentUrl\":\"https:\\\/\\\/secure.gravatar.com\\\/avatar\\\/2d51f070ccac4989b201dc1a42c3a6d46ff007fc5e569ff280535ab8e8122a59?s=96&d=mm&r=g\",\"caption\":\"Micha\u0142 Nowak\"},\"url\":\"https:\\\/\\\/metropoliagzm.pl\\\/en\\\/author\\\/michal-nowak\\\/\"}]}<\/script>\n<!-- \/ Yoast SEO plugin. -->","yoast_head_json":{"title":"Katowice walcz\u0105 o czyste powietrze - Metropolia GZM","description":"Oficjalny portal G\u00f3rno\u015bl\u0105sko-Zag\u0142\u0119biowskiej Metropolii","robots":{"index":"index","follow":"follow","max-snippet":"max-snippet:-1","max-image-preview":"max-image-preview:large","max-video-preview":"max-video-preview:-1"},"canonical":"https:\/\/metropoliagzm.pl\/en\/2022\/01\/20\/katowice-walcza-o-czyste-powietrze\/","twitter_card":"summary_large_image","twitter_title":"Katowice walcz\u0105 o czyste powietrze - Metropolia GZM","twitter_description":"Oficjalny portal G\u00f3rno\u015bl\u0105sko-Zag\u0142\u0119biowskiej Metropolii","twitter_image":"https:\/\/metropoliagzm.pl\/wp-content\/uploads\/2022\/01\/smogobus.jpg","twitter_misc":{"Written by":"Micha\u0142 Nowak","Estimated reading time":"5 minutes"},"schema":{"@context":"https:\/\/schema.org","@graph":[{"@type":"Article","@id":"https:\/\/metropoliagzm.pl\/2022\/01\/20\/katowice-walcza-o-czyste-powietrze\/#article","isPartOf":{"@id":"https:\/\/metropoliagzm.pl\/2022\/01\/20\/katowice-walcza-o-czyste-powietrze\/"},"author":{"name":"Micha\u0142 Nowak","@id":"https:\/\/metropoliagzm.pl\/en\/#\/schema\/person\/9e7660ba27bc92881ef16c6fc34ae962"},"headline":"Katowice walcz\u0105 o czyste powietrze","datePublished":"2022-01-20T12:52:23+00:00","mainEntityOfPage":{"@id":"https:\/\/metropoliagzm.pl\/2022\/01\/20\/katowice-walcza-o-czyste-powietrze\/"},"wordCount":1289,"publisher":{"@id":"https:\/\/metropoliagzm.pl\/en\/#organization"},"image":{"@id":"https:\/\/metropoliagzm.pl\/2022\/01\/20\/katowice-walcza-o-czyste-powietrze\/#primaryimage"},"thumbnailUrl":"https:\/\/metropoliagzm.pl\/wp-content\/uploads\/2022\/01\/smogobus.jpg","keywords":["Katowice","smog"],"articleSection":["Katowice","Mieszka\u0144cy"],"inLanguage":"en-GB"},{"@type":"WebPage","@id":"https:\/\/metropoliagzm.pl\/2022\/01\/20\/katowice-walcza-o-czyste-powietrze\/","url":"https:\/\/metropoliagzm.pl\/2022\/01\/20\/katowice-walcza-o-czyste-powietrze\/","name":"Katowice walcz\u0105 o czyste powietrze - Metropolia GZM","isPartOf":{"@id":"https:\/\/metropoliagzm.pl\/en\/#website"},"primaryImageOfPage":{"@id":"https:\/\/metropoliagzm.pl\/2022\/01\/20\/katowice-walcza-o-czyste-powietrze\/#primaryimage"},"image":{"@id":"https:\/\/metropoliagzm.pl\/2022\/01\/20\/katowice-walcza-o-czyste-powietrze\/#primaryimage"},"thumbnailUrl":"https:\/\/metropoliagzm.pl\/wp-content\/uploads\/2022\/01\/smogobus.jpg","datePublished":"2022-01-20T12:52:23+00:00","description":"Oficjalny portal G\u00f3rno\u015bl\u0105sko-Zag\u0142\u0119biowskiej Metropolii","breadcrumb":{"@id":"https:\/\/metropoliagzm.pl\/2022\/01\/20\/katowice-walcza-o-czyste-powietrze\/#breadcrumb"},"inLanguage":"en-GB","potentialAction":[{"@type":"ReadAction","target":["https:\/\/metropoliagzm.pl\/2022\/01\/20\/katowice-walcza-o-czyste-powietrze\/"]}]},{"@type":"ImageObject","inLanguage":"en-GB","@id":"https:\/\/metropoliagzm.pl\/2022\/01\/20\/katowice-walcza-o-czyste-powietrze\/#primaryimage","url":"https:\/\/metropoliagzm.pl\/wp-content\/uploads\/2022\/01\/smogobus.jpg","contentUrl":"https:\/\/metropoliagzm.pl\/wp-content\/uploads\/2022\/01\/smogobus.jpg","width":1210,"height":545,"caption":"Fot. UM Katowice"},{"@type":"BreadcrumbList","@id":"https:\/\/metropoliagzm.pl\/2022\/01\/20\/katowice-walcza-o-czyste-powietrze\/#breadcrumb","itemListElement":[{"@type":"ListItem","position":1,"name":"Strona g\u0142\u00f3wna","item":"https:\/\/metropoliagzm.pl\/"},{"@type":"ListItem","position":2,"name":"Katowice walcz\u0105 o czyste powietrze"}]},{"@type":"WebSite","@id":"https:\/\/metropoliagzm.pl\/en\/#website","url":"https:\/\/metropoliagzm.pl\/en\/","name":"Metropolia GZM","description":"Oficjalny portal G\u00f3rno\u015bl\u0105sko-Zag\u0142\u0119biowskiej Metropolii","publisher":{"@id":"https:\/\/metropoliagzm.pl\/en\/#organization"},"potentialAction":[{"@type":"SearchAction","target":{"@type":"EntryPoint","urlTemplate":"https:\/\/metropoliagzm.pl\/en\/?s={search_term_string}"},"query-input":{"@type":"PropertyValueSpecification","valueRequired":true,"valueName":"search_term_string"}}],"inLanguage":"en-GB"},{"@type":"Organization","@id":"https:\/\/metropoliagzm.pl\/en\/#organization","name":"Metropolia GZM","url":"https:\/\/metropoliagzm.pl\/en\/","logo":{"@type":"ImageObject","inLanguage":"en-GB","@id":"https:\/\/metropoliagzm.pl\/en\/#\/schema\/logo\/image\/","url":"https:\/\/metropoliagzm.pl\/wp-content\/uploads\/2019\/03\/Sygnet-strona-glowna.png","contentUrl":"https:\/\/metropoliagzm.pl\/wp-content\/uploads\/2019\/03\/Sygnet-strona-glowna.png","width":36,"height":45,"caption":"Metropolia GZM"},"image":{"@id":"https:\/\/metropoliagzm.pl\/en\/#\/schema\/logo\/image\/"}},{"@type":"Person","@id":"https:\/\/metropoliagzm.pl\/en\/#\/schema\/person\/9e7660ba27bc92881ef16c6fc34ae962","name":"Micha\u0142 Nowak","image":{"@type":"ImageObject","inLanguage":"en-GB","@id":"https:\/\/secure.gravatar.com\/avatar\/2d51f070ccac4989b201dc1a42c3a6d46ff007fc5e569ff280535ab8e8122a59?s=96&d=mm&r=g","url":"https:\/\/secure.gravatar.com\/avatar\/2d51f070ccac4989b201dc1a42c3a6d46ff007fc5e569ff280535ab8e8122a59?s=96&d=mm&r=g","contentUrl":"https:\/\/secure.gravatar.com\/avatar\/2d51f070ccac4989b201dc1a42c3a6d46ff007fc5e569ff280535ab8e8122a59?s=96&d=mm&r=g","caption":"Micha\u0142 Nowak"},"url":"https:\/\/metropoliagzm.pl\/en\/author\/michal-nowak\/"}]}},"_links":{"self":[{"href":"https:\/\/metropoliagzm.pl\/en\/wp-json\/wp\/v2\/posts\/38622","targetHints":{"allow":["GET"]}}],"collection":[{"href":"https:\/\/metropoliagzm.pl\/en\/wp-json\/wp\/v2\/posts"}],"about":[{"href":"https:\/\/metropoliagzm.pl\/en\/wp-json\/wp\/v2\/types\/post"}],"author":[{"embeddable":true,"href":"https:\/\/metropoliagzm.pl\/en\/wp-json\/wp\/v2\/users\/134"}],"replies":[{"embeddable":true,"href":"https:\/\/metropoliagzm.pl\/en\/wp-json\/wp\/v2\/comments?post=38622"}],"version-history":[{"count":1,"href":"https:\/\/metropoliagzm.pl\/en\/wp-json\/wp\/v2\/posts\/38622\/revisions"}],"predecessor-version":[{"id":38624,"href":"https:\/\/metropoliagzm.pl\/en\/wp-json\/wp\/v2\/posts\/38622\/revisions\/38624"}],"wp:featuredmedia":[{"embeddable":true,"href":"https:\/\/metropoliagzm.pl\/en\/wp-json\/wp\/v2\/media\/38623"}],"wp:attachment":[{"href":"https:\/\/metropoliagzm.pl\/en\/wp-json\/wp\/v2\/media?parent=38622"}],"wp:term":[{"taxonomy":"category","embeddable":true,"href":"https:\/\/metropoliagzm.pl\/en\/wp-json\/wp\/v2\/categories?post=38622"},{"taxonomy":"post_tag","embeddable":true,"href":"https:\/\/metropoliagzm.pl\/en\/wp-json\/wp\/v2\/tags?post=38622"}],"curies":[{"name":"wp","href":"https:\/\/api.w.org\/{rel}","templated":true}]}}