{"id":4074,"date":"2019-04-25T12:34:01","date_gmt":"2019-04-25T10:34:01","guid":{"rendered":"https:\/\/wpgzm.dev.euvic.pl\/?p=4074"},"modified":"2019-05-08T17:08:58","modified_gmt":"2019-05-08T15:08:58","slug":"25-mln-zl-na-modernizacje-hali","status":"publish","type":"post","link":"https:\/\/metropoliagzm.pl\/en\/2019\/04\/25\/25-mln-zl-na-modernizacje-hali\/","title":{"rendered":"2,5 mln z\u0142 na modernizacj\u0119 hali"},"content":{"rendered":"<div class=\"pdf-block\"><div class=\"pdfprnt-buttons  pdfprnt-new pdfprnt-buttons-post pdfprnt-top-right\"><div class=\"jssocials-share jssocials-share-twitter\"><a target=\"_blank\" href=\"https:\/\/twitter.com\/share?url=https:\/\/metropoliagzm.pl\/en\/wp-json\/wp\/v2\/posts\/4074;text=4074\" class=\"jssocials-share-link\"><i class=\"fa fa-twitter jssocials-share-logo\"><\/i><\/a><\/div><div class=\"jssocials-share jssocials-share-facebook\"><a target=\"_blank\" href=\"https:\/\/facebook.com\/sharer\/sharer.php?u=https:\/\/metropoliagzm.pl\/en\/wp-json\/wp\/v2\/posts\/4074\" class=\"jssocials-share-link\"><i class=\"fa fa-facebook jssocials-share-logo\"><\/i><\/a><\/div><div class=\"jssocials-share jssocials-share-pinterest\"><a target=\"_blank\" href=\"https:\/\/pinterest.com\/pin\/create\/bookmarklet\/?&amp;url=https:\/\/metropoliagzm.pl\/en\/wp-json\/wp\/v2\/posts\/4074;description=4074\" class=\"jssocials-share-link\"><i class=\"fa fa-pinterest jssocials-share-logo\"><\/i><\/a><\/div><a href=\"https:\/\/metropoliagzm.pl\/en\/wp-json\/wp\/v2\/posts\/4074?print=pdf\" class=\"pdfprnt-button pdfprnt-button-pdf\" target=\"_blank\"><img decoding=\"async\" src=\"https:\/\/metropoliagzm.pl\/wp-content\/plugins\/pdf-print\/images\/pdf.png\" alt=\"image_pdf\" title=\"View PDF\" \/><\/a><a href=\"https:\/\/metropoliagzm.pl\/en\/wp-json\/wp\/v2\/posts\/4074?print=print\" class=\"pdfprnt-button pdfprnt-button-print\" target=\"_blank\"><img decoding=\"async\" src=\"https:\/\/metropoliagzm.pl\/wp-content\/plugins\/pdf-print\/images\/print.png\" alt=\"image_print\" title=\"Print Content\" \/><\/a><\/div><\/div><div class=\"post-block-pdf\"><div class=\"pdfprnt-buttons pdfprnt-buttons-post pdfprnt-top-right\"><a href=\"https:\/\/metropoliagzm.pl\/en\/wp-json\/wp\/v2\/posts\/4074?print=pdf\" class=\"pdfprnt-button pdfprnt-button-pdf\" target=\"_blank\"><img decoding=\"async\" src=\"https:\/\/metropoliagzm.pl\/wp-content\/plugins\/pdf-print\/images\/pdf.png\" alt=\"image_pdf\" title=\"View PDF\" \/><\/a><a href=\"https:\/\/metropoliagzm.pl\/en\/wp-json\/wp\/v2\/posts\/4074?print=print\" class=\"pdfprnt-button pdfprnt-button-print\" target=\"_blank\"><img decoding=\"async\" src=\"https:\/\/metropoliagzm.pl\/wp-content\/plugins\/pdf-print\/images\/print.png\" alt=\"image_print\" title=\"Print Content\" \/><\/a><\/div>\n<p><strong>Termomodernizacja\nhali sportowej w Rudzie \u015al\u0105skiej &#8211; Halembie zostanie dofinansowana z bud\u017cetu\nG\u00f3rno\u015bl\u0105sko\u2013Zag\u0142\u0119biowskiej Metropolii. 2,5 mln z\u0142 na ten cel trafi do miasta z\nMetropolitalnego Funduszu Solidarno\u015bci. Podczas ostatniej sesji Zgromadzenia\nGZM podj\u0119ta zosta\u0142a uchwa\u0142a o podziale \u015brodk\u00f3w na realizacj\u0119 82 zada\u0144 w 36\ngminach metropolii. W tym roku z funduszu w g\u0142\u00f3wnej mierze finansowane b\u0119d\u0105\nzadania zwi\u0105zane z ograniczaniem niskiej emisji. W zadanie o takim w\u0142a\u015bnie\ncharakterze wpisuje si\u0119 inwestycja, kt\u00f3ra realizowana jest w dzielnicy Halemba.<\/strong><\/p>\n\n\n\n<p>&#8211;\n<em>Pieni\u0105dze z Metropolitalnego<\/em> <em>Funduszu Solidarno\u015bci przeznaczane s\u0105 na\nkonkretne zadania, kt\u00f3re po realizacji s\u0105 dla mieszka\u0144c\u00f3w widoczne go\u0142ym okiem.\nPrzypomn\u0119, \u017ce w ubieg\u0142ym roku z tych \u015brodk\u00f3w mogli\u015bmy w cz\u0119\u015bci sfinansowa\u0107\nbudow\u0119 mostu w ramach przebudowy ul. Piastowskiej oraz budow\u0119 \u015bcie\u017cki rowerowej\nwzd\u0142u\u017c ul. 1 Maja<\/em> \u2013 wylicza prezydent miasta Gra\u017cyna Dziedzic.<\/p>\n\n\n\n<p>Rozpocz\u0119ta\njesieni\u0105 ubieg\u0142ego roku modernizacja hali zak\u0142ada wymian\u0119 stolarki okiennej i\ndrzwiowej oraz wykonanie docieplenia \u015bcian zewn\u0119trznych, docieplenia dachu,\nodwodnienia po\u0142aci dachowej, wykonanie rob\u00f3t elektrycznych zewn\u0119trznych,\ninstalacji odgromowej, nowego podjazdu dla niepe\u0142nosprawnych i wybudowanie\nwindy. \u2013 <em>Ten prawie 40-letni budynek przez lata eksploatacji nie przechodzi\u0142\npraktycznie \u017cadnych wi\u0119kszych remont\u00f3w, dlatego obecna modernizacja to potrzeba\nchwili. Jest to te\u017c najwi\u0119ksza hala sportowa w mie\u015bcie, kt\u00f3ra powinna spe\u0142nia\u0107\nstandardy XXI wieku<\/em> \u2013 podkre\u015bla prezydent miasta.<\/p>\n\n\n\n<p>Cho\u0107\ninwestycja do tej pory realizowana by\u0142a bez przeszk\u00f3d, to w ostatnich\ntygodniach prace przy modernizacji musia\u0142y zosta\u0107 przerwane. Co by\u0142o przyczyn\u0105\ntego stanu rzeczy? \u2013 <em>Podczas prac przy demonta\u017cu blaszanej konstrukcji\ndotychczasowej elewacji stwierdzono niezgodno\u015bci stanu faktycznego budynku z\narchiwaln\u0105 dokumentacj\u0105, kt\u00f3r\u0105 posiadali\u015bmy. Okazuje si\u0119, \u017ce musi zosta\u0107\nwykonana dodatkowa podkonstrukcja docelowej elewacji. Aktualnie przygotowywany\njest jej projekt. Po jego wykonaniu b\u0119dzie mo\u017cna dopiero zam\u00f3wi\u0107 niezb\u0119dne\nelementy budowlane do przeprowadzenia dodatkowych prac, to niestety te\u017c wyd\u0142u\u017cy\nich realizacj\u0119<\/em> \u2013 t\u0142umaczy wiceprezydent Micha\u0142 Piero\u0144czyk.<\/p>\n\n\n\n<p>Jak\nszacuj\u0105 rudzcy samorz\u0105dowcy, niespodziewane komplikacje wyd\u0142u\u017c\u0105 czas realizacji\nca\u0142ej inwestycji o co najmniej kilka tygodni. Niestety wy\u017csze b\u0119d\u0105 te\u017c koszty\nrealizacji ca\u0142ego zadania. Przypomnijmy, \u017ce zgodnie z pierwotnymi planami\ninwestycja mia\u0142a by\u0107 zrealizowana do lata br., a koszt jej realizacji mia\u0142\nwynie\u015b\u0107 5,5 mln z\u0142.<\/p>\n\n\n\n<p>Wybudowany\nw latach 80. budynek hali im. Rudzkich Olimpijczyk\u00f3w liczy 3825 m\u00b2. W cz\u0119\u015bci\nwidowiskowej jest jednokondygnacyjny z charakterystyczn\u0105 amfiteatraln\u0105 widowni\u0105\nna 570 miejsc siedz\u0105cych. Tam te\u017c znajduje si\u0119 boisko o wymiarach 22m x 42m\noraz scena 14m x 3,6m z mo\u017cliwo\u015bci\u0105 powi\u0119kszenia g\u0142\u0119boko\u015bci. W budynku\nzlokalizowane s\u0105 pomieszczenia kawiarni, sali dyskotekowej, sali klubowej oraz\nfitness klubu.<\/p>\n\n\n\n<p>W\nhali MOSiR przy ul. K\u0142odnickiej od lat organizowane s\u0105 cykliczne wydarzenia,\njak Olimpiada Rado\u015bci czy Gie\u0142da Szk\u00f3\u0142 Ponadgimnazjalnych. W ostatnim czasie\ndwukrotnie odby\u0142y si\u0119 te\u017c w tym miejscu turnieje taneczne rangi og\u00f3lnopolskiej,\na tak\u017ce warsztaty sportowe pod okiem dw\u00f3ch olimpijek: Otylii J\u0119drzejczak \u2013\nOtylia Swim Tour oraz Moniki Pyrek \u2013 Alternatywne Lekcje WF.<\/p>\n\n\n\n<p>Program\n\u201eMetropolitalny Fundusz Solidarno\u015bci\u201d powsta\u0142 w celu niwelowania r\u00f3\u017cnic w\npoziomie rozwoju spo\u0142eczno-gospodarczego gmin tworz\u0105cych\nG\u00f3rno\u015bl\u0105sko\u2013Zag\u0142\u0119biowsk\u0105 Metropoli\u0119 oraz w celu integracji i wsparcia gmin\ncz\u0142onkowskich w realizacji wsp\u00f3lnych przedsi\u0119wzi\u0119\u0107. \u015arodki na jego realizacj\u0119\nzosta\u0142y zaplanowane w bud\u017cecie GZM. W tym roku przedstawiciele zwi\u0105zku\nzdecydowali o wsparciu g\u0142\u00f3wnie zada\u0144 zwi\u0105zanych z ograniczaniem niskiej emisji\nna obszarze GZM. <\/p>\n\n\n\n<p>Dotacje\ncelowe na \u0142\u0105czn\u0105 kwot\u0119 ponad 51 mln z\u0142 otrzyma 36 gmin. Na li\u015bcie zg\u0142oszonych\nzada\u0144 dominuj\u0105 projekty zwi\u0105zane z termomodernizacj\u0105 plac\u00f3wek o\u015bwiatowych i\nbudynk\u00f3w u\u017cyteczno\u015bci publicznej. &#8211; <em>Lista zada\u0144 inwestycyjnych, kt\u00f3re\notrzymaj\u0105 dofinansowanie w ramach Funduszu Solidarno\u015bci na 2019 r., nie jest\njeszcze zamkni\u0119ta<\/em> \u2013 m\u00f3wi Karolina Mucha-Ku\u015b, dyrektor Departamentu\nProjekt\u00f3w i Inwestycji GZM. &#8211; <em>Gminy, kt\u00f3re dot\u0105d nie zg\u0142osi\u0142y swoich\nprojekt\u00f3w, b\u0119d\u0105 mog\u0142y to zrobi\u0107 podczas kolejnych rund naboru w maju i czerwcu.\n\u0141\u0105czna pula dotacji w tegorocznym Funduszu wynosi ok. 67 mln z\u0142. 60 mln z\u0142\nzosta\u0142o zapisane w bud\u017cecie na ten rok, natomiast 7 mln z\u0142 nie zosta\u0142o\nwykorzystane przez gminy w poprzedniej edycji funduszu \u2013<\/em> dodaje.<\/p>\n\n\n\n<p>G\u00f3rno\u015bl\u0105sko-Zag\u0142\u0119biowska Metropolia powsta\u0142a 1 lipca 2017 r., a zacz\u0119\u0142a dzia\u0142a\u0107 od 1 stycznia 2018 r. Organizacja na podstawie ustawy przygotowanej specjalnie dla tego regionu skupia 41 miast i gmin centralnej cz\u0119\u015bci wojew\u00f3dztwa \u015bl\u0105skiego. Teren zwi\u0105zku jest zamieszka\u0142y \u0142\u0105cznie przez blisko 2,3 mln os\u00f3b. Dzia\u0142a tam ponad 240 tysi\u0119cy firm i przedsi\u0119biorstw, wytwarzaj\u0105cych razem 8% PKB kraju.<\/p>\n\n\n\n<p>\u0179r\u00f3d\u0142o: rudaslaska.pl<\/p>\n<div class=\"post-author\" style=\"font-size:13px\">Micha\u0142 Nowak<\/div><\/div>","protected":false},"excerpt":{"rendered":"<p>Termomodernizacja hali sportowej w Rudzie \u015al\u0105skiej &#8211; Halembie zostanie dofinansowana z bud\u017cetu G\u00f3rno\u015bl\u0105sko\u2013Zag\u0142\u0119biowskiej Metropolii. 2,5 mln z\u0142 na ten cel trafi do miasta z Metropolitalnego Funduszu Solidarno\u015bci. Podczas ostatniej sesji Zgromadzenia GZM podj\u0119ta zosta\u0142a uchwa\u0142a o podziale \u015brodk\u00f3w na realizacj\u0119 82 zada\u0144 w 36 gminach&#8230;<\/p>","protected":false},"author":134,"featured_media":4076,"comment_status":"closed","ping_status":"closed","sticky":false,"template":"","format":"standard","meta":{"_acf_changed":false,"footnotes":""},"categories":[239,221],"tags":[265,252,264,385,384],"class_list":["post-4074","post","type-post","status-publish","format-standard","has-post-thumbnail","hentry","category-gospodarka-i-inwestycje","category-ruda-slaska","tag-fundusz-metropolia","tag-fundusz-solidarnosci","tag-fundusz-solidarnosci-2019","tag-grazyna-dziedzic","tag-ruda-slaska"],"acf":[],"yoast_head":"<!-- This site is optimized with the Yoast SEO plugin v27.4 - https:\/\/yoast.com\/product\/yoast-seo-wordpress\/ -->\n<title>2,5 mln z\u0142 na modernizacj\u0119 hali - Metropolia GZM<\/title>\n<meta name=\"description\" content=\"Oficjalny portal G\u00f3rno\u015bl\u0105sko-Zag\u0142\u0119biowskiej Metropolii\" \/>\n<meta name=\"robots\" content=\"index, follow, max-snippet:-1, max-image-preview:large, max-video-preview:-1\" \/>\n<link rel=\"canonical\" href=\"https:\/\/metropoliagzm.pl\/en\/2019\/04\/25\/25-mln-zl-na-modernizacje-hali\/\" \/>\n<meta name=\"twitter:card\" content=\"summary_large_image\" \/>\n<meta name=\"twitter:title\" content=\"2,5 mln z\u0142 na modernizacj\u0119 hali - Metropolia GZM\" \/>\n<meta name=\"twitter:description\" content=\"Oficjalny portal G\u00f3rno\u015bl\u0105sko-Zag\u0142\u0119biowskiej Metropolii\" \/>\n<meta name=\"twitter:image\" content=\"https:\/\/metropoliagzm.pl\/wp-content\/uploads\/2019\/04\/hala_24.04.19.jpg\" \/>\n<meta name=\"twitter:label1\" content=\"Written by\" \/>\n\t<meta name=\"twitter:data1\" content=\"Micha\u0142 Nowak\" \/>\n\t<meta name=\"twitter:label2\" content=\"Estimated reading time\" \/>\n\t<meta name=\"twitter:data2\" content=\"4 minutes\" \/>\n<script type=\"application\/ld+json\" class=\"yoast-schema-graph\">{\"@context\":\"https:\\\/\\\/schema.org\",\"@graph\":[{\"@type\":\"Article\",\"@id\":\"https:\\\/\\\/metropoliagzm.pl\\\/2019\\\/04\\\/25\\\/25-mln-zl-na-modernizacje-hali\\\/#article\",\"isPartOf\":{\"@id\":\"https:\\\/\\\/metropoliagzm.pl\\\/2019\\\/04\\\/25\\\/25-mln-zl-na-modernizacje-hali\\\/\"},\"author\":{\"name\":\"Micha\u0142 Nowak\",\"@id\":\"https:\\\/\\\/metropoliagzm.pl\\\/en\\\/#\\\/schema\\\/person\\\/9e7660ba27bc92881ef16c6fc34ae962\"},\"headline\":\"2,5 mln z\u0142 na modernizacj\u0119 hali\",\"datePublished\":\"2019-04-25T10:34:01+00:00\",\"dateModified\":\"2019-05-08T15:08:58+00:00\",\"mainEntityOfPage\":{\"@id\":\"https:\\\/\\\/metropoliagzm.pl\\\/2019\\\/04\\\/25\\\/25-mln-zl-na-modernizacje-hali\\\/\"},\"wordCount\":788,\"publisher\":{\"@id\":\"https:\\\/\\\/metropoliagzm.pl\\\/en\\\/#organization\"},\"image\":{\"@id\":\"https:\\\/\\\/metropoliagzm.pl\\\/2019\\\/04\\\/25\\\/25-mln-zl-na-modernizacje-hali\\\/#primaryimage\"},\"thumbnailUrl\":\"https:\\\/\\\/metropoliagzm.pl\\\/wp-content\\\/uploads\\\/2019\\\/04\\\/hala_24.04.19.jpg\",\"keywords\":[\"fundusz metropolia\",\"fundusz solidarno\u015bci\",\"fundusz solidarno\u015bci 2019\",\"Gra\u017cyna Dziedzic\",\"Ruda \u015al\u0105ska\"],\"articleSection\":[\"Gospodarka i Inwestycje\",\"Ruda \u015al\u0105ska\"],\"inLanguage\":\"en-GB\"},{\"@type\":\"WebPage\",\"@id\":\"https:\\\/\\\/metropoliagzm.pl\\\/2019\\\/04\\\/25\\\/25-mln-zl-na-modernizacje-hali\\\/\",\"url\":\"https:\\\/\\\/metropoliagzm.pl\\\/2019\\\/04\\\/25\\\/25-mln-zl-na-modernizacje-hali\\\/\",\"name\":\"2,5 mln z\u0142 na modernizacj\u0119 hali - Metropolia GZM\",\"isPartOf\":{\"@id\":\"https:\\\/\\\/metropoliagzm.pl\\\/en\\\/#website\"},\"primaryImageOfPage\":{\"@id\":\"https:\\\/\\\/metropoliagzm.pl\\\/2019\\\/04\\\/25\\\/25-mln-zl-na-modernizacje-hali\\\/#primaryimage\"},\"image\":{\"@id\":\"https:\\\/\\\/metropoliagzm.pl\\\/2019\\\/04\\\/25\\\/25-mln-zl-na-modernizacje-hali\\\/#primaryimage\"},\"thumbnailUrl\":\"https:\\\/\\\/metropoliagzm.pl\\\/wp-content\\\/uploads\\\/2019\\\/04\\\/hala_24.04.19.jpg\",\"datePublished\":\"2019-04-25T10:34:01+00:00\",\"dateModified\":\"2019-05-08T15:08:58+00:00\",\"description\":\"Oficjalny portal G\u00f3rno\u015bl\u0105sko-Zag\u0142\u0119biowskiej Metropolii\",\"breadcrumb\":{\"@id\":\"https:\\\/\\\/metropoliagzm.pl\\\/2019\\\/04\\\/25\\\/25-mln-zl-na-modernizacje-hali\\\/#breadcrumb\"},\"inLanguage\":\"en-GB\",\"potentialAction\":[{\"@type\":\"ReadAction\",\"target\":[\"https:\\\/\\\/metropoliagzm.pl\\\/2019\\\/04\\\/25\\\/25-mln-zl-na-modernizacje-hali\\\/\"]}]},{\"@type\":\"ImageObject\",\"inLanguage\":\"en-GB\",\"@id\":\"https:\\\/\\\/metropoliagzm.pl\\\/2019\\\/04\\\/25\\\/25-mln-zl-na-modernizacje-hali\\\/#primaryimage\",\"url\":\"https:\\\/\\\/metropoliagzm.pl\\\/wp-content\\\/uploads\\\/2019\\\/04\\\/hala_24.04.19.jpg\",\"contentUrl\":\"https:\\\/\\\/metropoliagzm.pl\\\/wp-content\\\/uploads\\\/2019\\\/04\\\/hala_24.04.19.jpg\",\"width\":1600,\"height\":1200,\"caption\":\"Hala sportowa w Rudzie \u015al\u0105skiej - Halembie\"},{\"@type\":\"BreadcrumbList\",\"@id\":\"https:\\\/\\\/metropoliagzm.pl\\\/2019\\\/04\\\/25\\\/25-mln-zl-na-modernizacje-hali\\\/#breadcrumb\",\"itemListElement\":[{\"@type\":\"ListItem\",\"position\":1,\"name\":\"Strona g\u0142\u00f3wna\",\"item\":\"https:\\\/\\\/metropoliagzm.pl\\\/\"},{\"@type\":\"ListItem\",\"position\":2,\"name\":\"2,5 mln z\u0142 na modernizacj\u0119 hali\"}]},{\"@type\":\"WebSite\",\"@id\":\"https:\\\/\\\/metropoliagzm.pl\\\/en\\\/#website\",\"url\":\"https:\\\/\\\/metropoliagzm.pl\\\/en\\\/\",\"name\":\"Metropolia GZM\",\"description\":\"Oficjalny portal G\u00f3rno\u015bl\u0105sko-Zag\u0142\u0119biowskiej Metropolii\",\"publisher\":{\"@id\":\"https:\\\/\\\/metropoliagzm.pl\\\/en\\\/#organization\"},\"potentialAction\":[{\"@type\":\"SearchAction\",\"target\":{\"@type\":\"EntryPoint\",\"urlTemplate\":\"https:\\\/\\\/metropoliagzm.pl\\\/en\\\/?s={search_term_string}\"},\"query-input\":{\"@type\":\"PropertyValueSpecification\",\"valueRequired\":true,\"valueName\":\"search_term_string\"}}],\"inLanguage\":\"en-GB\"},{\"@type\":\"Organization\",\"@id\":\"https:\\\/\\\/metropoliagzm.pl\\\/en\\\/#organization\",\"name\":\"Metropolia GZM\",\"url\":\"https:\\\/\\\/metropoliagzm.pl\\\/en\\\/\",\"logo\":{\"@type\":\"ImageObject\",\"inLanguage\":\"en-GB\",\"@id\":\"https:\\\/\\\/metropoliagzm.pl\\\/en\\\/#\\\/schema\\\/logo\\\/image\\\/\",\"url\":\"https:\\\/\\\/metropoliagzm.pl\\\/wp-content\\\/uploads\\\/2019\\\/03\\\/Sygnet-strona-glowna.png\",\"contentUrl\":\"https:\\\/\\\/metropoliagzm.pl\\\/wp-content\\\/uploads\\\/2019\\\/03\\\/Sygnet-strona-glowna.png\",\"width\":36,\"height\":45,\"caption\":\"Metropolia GZM\"},\"image\":{\"@id\":\"https:\\\/\\\/metropoliagzm.pl\\\/en\\\/#\\\/schema\\\/logo\\\/image\\\/\"}},{\"@type\":\"Person\",\"@id\":\"https:\\\/\\\/metropoliagzm.pl\\\/en\\\/#\\\/schema\\\/person\\\/9e7660ba27bc92881ef16c6fc34ae962\",\"name\":\"Micha\u0142 Nowak\",\"image\":{\"@type\":\"ImageObject\",\"inLanguage\":\"en-GB\",\"@id\":\"https:\\\/\\\/secure.gravatar.com\\\/avatar\\\/2d51f070ccac4989b201dc1a42c3a6d46ff007fc5e569ff280535ab8e8122a59?s=96&d=mm&r=g\",\"url\":\"https:\\\/\\\/secure.gravatar.com\\\/avatar\\\/2d51f070ccac4989b201dc1a42c3a6d46ff007fc5e569ff280535ab8e8122a59?s=96&d=mm&r=g\",\"contentUrl\":\"https:\\\/\\\/secure.gravatar.com\\\/avatar\\\/2d51f070ccac4989b201dc1a42c3a6d46ff007fc5e569ff280535ab8e8122a59?s=96&d=mm&r=g\",\"caption\":\"Micha\u0142 Nowak\"},\"url\":\"https:\\\/\\\/metropoliagzm.pl\\\/en\\\/author\\\/michal-nowak\\\/\"}]}<\/script>\n<!-- \/ Yoast SEO plugin. -->","yoast_head_json":{"title":"2,5 mln z\u0142 na modernizacj\u0119 hali - Metropolia GZM","description":"Oficjalny portal G\u00f3rno\u015bl\u0105sko-Zag\u0142\u0119biowskiej Metropolii","robots":{"index":"index","follow":"follow","max-snippet":"max-snippet:-1","max-image-preview":"max-image-preview:large","max-video-preview":"max-video-preview:-1"},"canonical":"https:\/\/metropoliagzm.pl\/en\/2019\/04\/25\/25-mln-zl-na-modernizacje-hali\/","twitter_card":"summary_large_image","twitter_title":"2,5 mln z\u0142 na modernizacj\u0119 hali - Metropolia GZM","twitter_description":"Oficjalny portal G\u00f3rno\u015bl\u0105sko-Zag\u0142\u0119biowskiej Metropolii","twitter_image":"https:\/\/metropoliagzm.pl\/wp-content\/uploads\/2019\/04\/hala_24.04.19.jpg","twitter_misc":{"Written by":"Micha\u0142 Nowak","Estimated reading time":"4 minutes"},"schema":{"@context":"https:\/\/schema.org","@graph":[{"@type":"Article","@id":"https:\/\/metropoliagzm.pl\/2019\/04\/25\/25-mln-zl-na-modernizacje-hali\/#article","isPartOf":{"@id":"https:\/\/metropoliagzm.pl\/2019\/04\/25\/25-mln-zl-na-modernizacje-hali\/"},"author":{"name":"Micha\u0142 Nowak","@id":"https:\/\/metropoliagzm.pl\/en\/#\/schema\/person\/9e7660ba27bc92881ef16c6fc34ae962"},"headline":"2,5 mln z\u0142 na modernizacj\u0119 hali","datePublished":"2019-04-25T10:34:01+00:00","dateModified":"2019-05-08T15:08:58+00:00","mainEntityOfPage":{"@id":"https:\/\/metropoliagzm.pl\/2019\/04\/25\/25-mln-zl-na-modernizacje-hali\/"},"wordCount":788,"publisher":{"@id":"https:\/\/metropoliagzm.pl\/en\/#organization"},"image":{"@id":"https:\/\/metropoliagzm.pl\/2019\/04\/25\/25-mln-zl-na-modernizacje-hali\/#primaryimage"},"thumbnailUrl":"https:\/\/metropoliagzm.pl\/wp-content\/uploads\/2019\/04\/hala_24.04.19.jpg","keywords":["fundusz metropolia","fundusz solidarno\u015bci","fundusz solidarno\u015bci 2019","Gra\u017cyna Dziedzic","Ruda \u015al\u0105ska"],"articleSection":["Gospodarka i Inwestycje","Ruda \u015al\u0105ska"],"inLanguage":"en-GB"},{"@type":"WebPage","@id":"https:\/\/metropoliagzm.pl\/2019\/04\/25\/25-mln-zl-na-modernizacje-hali\/","url":"https:\/\/metropoliagzm.pl\/2019\/04\/25\/25-mln-zl-na-modernizacje-hali\/","name":"2,5 mln z\u0142 na modernizacj\u0119 hali - Metropolia GZM","isPartOf":{"@id":"https:\/\/metropoliagzm.pl\/en\/#website"},"primaryImageOfPage":{"@id":"https:\/\/metropoliagzm.pl\/2019\/04\/25\/25-mln-zl-na-modernizacje-hali\/#primaryimage"},"image":{"@id":"https:\/\/metropoliagzm.pl\/2019\/04\/25\/25-mln-zl-na-modernizacje-hali\/#primaryimage"},"thumbnailUrl":"https:\/\/metropoliagzm.pl\/wp-content\/uploads\/2019\/04\/hala_24.04.19.jpg","datePublished":"2019-04-25T10:34:01+00:00","dateModified":"2019-05-08T15:08:58+00:00","description":"Oficjalny portal G\u00f3rno\u015bl\u0105sko-Zag\u0142\u0119biowskiej Metropolii","breadcrumb":{"@id":"https:\/\/metropoliagzm.pl\/2019\/04\/25\/25-mln-zl-na-modernizacje-hali\/#breadcrumb"},"inLanguage":"en-GB","potentialAction":[{"@type":"ReadAction","target":["https:\/\/metropoliagzm.pl\/2019\/04\/25\/25-mln-zl-na-modernizacje-hali\/"]}]},{"@type":"ImageObject","inLanguage":"en-GB","@id":"https:\/\/metropoliagzm.pl\/2019\/04\/25\/25-mln-zl-na-modernizacje-hali\/#primaryimage","url":"https:\/\/metropoliagzm.pl\/wp-content\/uploads\/2019\/04\/hala_24.04.19.jpg","contentUrl":"https:\/\/metropoliagzm.pl\/wp-content\/uploads\/2019\/04\/hala_24.04.19.jpg","width":1600,"height":1200,"caption":"Hala sportowa w Rudzie \u015al\u0105skiej - Halembie"},{"@type":"BreadcrumbList","@id":"https:\/\/metropoliagzm.pl\/2019\/04\/25\/25-mln-zl-na-modernizacje-hali\/#breadcrumb","itemListElement":[{"@type":"ListItem","position":1,"name":"Strona g\u0142\u00f3wna","item":"https:\/\/metropoliagzm.pl\/"},{"@type":"ListItem","position":2,"name":"2,5 mln z\u0142 na modernizacj\u0119 hali"}]},{"@type":"WebSite","@id":"https:\/\/metropoliagzm.pl\/en\/#website","url":"https:\/\/metropoliagzm.pl\/en\/","name":"Metropolia GZM","description":"Oficjalny portal G\u00f3rno\u015bl\u0105sko-Zag\u0142\u0119biowskiej Metropolii","publisher":{"@id":"https:\/\/metropoliagzm.pl\/en\/#organization"},"potentialAction":[{"@type":"SearchAction","target":{"@type":"EntryPoint","urlTemplate":"https:\/\/metropoliagzm.pl\/en\/?s={search_term_string}"},"query-input":{"@type":"PropertyValueSpecification","valueRequired":true,"valueName":"search_term_string"}}],"inLanguage":"en-GB"},{"@type":"Organization","@id":"https:\/\/metropoliagzm.pl\/en\/#organization","name":"Metropolia GZM","url":"https:\/\/metropoliagzm.pl\/en\/","logo":{"@type":"ImageObject","inLanguage":"en-GB","@id":"https:\/\/metropoliagzm.pl\/en\/#\/schema\/logo\/image\/","url":"https:\/\/metropoliagzm.pl\/wp-content\/uploads\/2019\/03\/Sygnet-strona-glowna.png","contentUrl":"https:\/\/metropoliagzm.pl\/wp-content\/uploads\/2019\/03\/Sygnet-strona-glowna.png","width":36,"height":45,"caption":"Metropolia GZM"},"image":{"@id":"https:\/\/metropoliagzm.pl\/en\/#\/schema\/logo\/image\/"}},{"@type":"Person","@id":"https:\/\/metropoliagzm.pl\/en\/#\/schema\/person\/9e7660ba27bc92881ef16c6fc34ae962","name":"Micha\u0142 Nowak","image":{"@type":"ImageObject","inLanguage":"en-GB","@id":"https:\/\/secure.gravatar.com\/avatar\/2d51f070ccac4989b201dc1a42c3a6d46ff007fc5e569ff280535ab8e8122a59?s=96&d=mm&r=g","url":"https:\/\/secure.gravatar.com\/avatar\/2d51f070ccac4989b201dc1a42c3a6d46ff007fc5e569ff280535ab8e8122a59?s=96&d=mm&r=g","contentUrl":"https:\/\/secure.gravatar.com\/avatar\/2d51f070ccac4989b201dc1a42c3a6d46ff007fc5e569ff280535ab8e8122a59?s=96&d=mm&r=g","caption":"Micha\u0142 Nowak"},"url":"https:\/\/metropoliagzm.pl\/en\/author\/michal-nowak\/"}]}},"_links":{"self":[{"href":"https:\/\/metropoliagzm.pl\/en\/wp-json\/wp\/v2\/posts\/4074","targetHints":{"allow":["GET"]}}],"collection":[{"href":"https:\/\/metropoliagzm.pl\/en\/wp-json\/wp\/v2\/posts"}],"about":[{"href":"https:\/\/metropoliagzm.pl\/en\/wp-json\/wp\/v2\/types\/post"}],"author":[{"embeddable":true,"href":"https:\/\/metropoliagzm.pl\/en\/wp-json\/wp\/v2\/users\/134"}],"replies":[{"embeddable":true,"href":"https:\/\/metropoliagzm.pl\/en\/wp-json\/wp\/v2\/comments?post=4074"}],"version-history":[{"count":2,"href":"https:\/\/metropoliagzm.pl\/en\/wp-json\/wp\/v2\/posts\/4074\/revisions"}],"predecessor-version":[{"id":6001,"href":"https:\/\/metropoliagzm.pl\/en\/wp-json\/wp\/v2\/posts\/4074\/revisions\/6001"}],"wp:featuredmedia":[{"embeddable":true,"href":"https:\/\/metropoliagzm.pl\/en\/wp-json\/wp\/v2\/media\/4076"}],"wp:attachment":[{"href":"https:\/\/metropoliagzm.pl\/en\/wp-json\/wp\/v2\/media?parent=4074"}],"wp:term":[{"taxonomy":"category","embeddable":true,"href":"https:\/\/metropoliagzm.pl\/en\/wp-json\/wp\/v2\/categories?post=4074"},{"taxonomy":"post_tag","embeddable":true,"href":"https:\/\/metropoliagzm.pl\/en\/wp-json\/wp\/v2\/tags?post=4074"}],"curies":[{"name":"wp","href":"https:\/\/api.w.org\/{rel}","templated":true}]}}