{"id":40966,"date":"2022-07-27T13:35:10","date_gmt":"2022-07-27T11:35:10","guid":{"rendered":"https:\/\/metropoliagzm.pl\/?p=40966"},"modified":"2022-07-27T13:35:25","modified_gmt":"2022-07-27T11:35:25","slug":"wakacyjny-rozklad-jazdy-czyli-akcja-lato","status":"publish","type":"post","link":"https:\/\/metropoliagzm.pl\/en\/2022\/07\/27\/wakacyjny-rozklad-jazdy-czyli-akcja-lato\/","title":{"rendered":"Wakacyjny \u201erozk\u0142ad jazdy\u201d, czyli AKCJA LATO"},"content":{"rendered":"<div class=\"pdf-block\"><div class=\"pdfprnt-buttons  pdfprnt-new pdfprnt-buttons-post pdfprnt-top-right\"><div class=\"jssocials-share jssocials-share-twitter\"><a target=\"_blank\" href=\"https:\/\/twitter.com\/share?url=https:\/\/metropoliagzm.pl\/en\/wp-json\/wp\/v2\/posts\/40966;text=40966\" class=\"jssocials-share-link\"><i class=\"fa fa-twitter jssocials-share-logo\"><\/i><\/a><\/div><div class=\"jssocials-share jssocials-share-facebook\"><a target=\"_blank\" href=\"https:\/\/facebook.com\/sharer\/sharer.php?u=https:\/\/metropoliagzm.pl\/en\/wp-json\/wp\/v2\/posts\/40966\" class=\"jssocials-share-link\"><i class=\"fa fa-facebook jssocials-share-logo\"><\/i><\/a><\/div><div class=\"jssocials-share jssocials-share-pinterest\"><a target=\"_blank\" href=\"https:\/\/pinterest.com\/pin\/create\/bookmarklet\/?&amp;url=https:\/\/metropoliagzm.pl\/en\/wp-json\/wp\/v2\/posts\/40966;description=40966\" class=\"jssocials-share-link\"><i class=\"fa fa-pinterest jssocials-share-logo\"><\/i><\/a><\/div><a href=\"https:\/\/metropoliagzm.pl\/en\/wp-json\/wp\/v2\/posts\/40966?print=pdf\" class=\"pdfprnt-button pdfprnt-button-pdf\" target=\"_blank\"><img decoding=\"async\" src=\"https:\/\/metropoliagzm.pl\/wp-content\/plugins\/pdf-print\/images\/pdf.png\" alt=\"image_pdf\" title=\"View PDF\" \/><\/a><a href=\"https:\/\/metropoliagzm.pl\/en\/wp-json\/wp\/v2\/posts\/40966?print=print\" class=\"pdfprnt-button pdfprnt-button-print\" target=\"_blank\"><img decoding=\"async\" src=\"https:\/\/metropoliagzm.pl\/wp-content\/plugins\/pdf-print\/images\/print.png\" alt=\"image_print\" title=\"Print Content\" \/><\/a><\/div><\/div><div class=\"post-block-pdf\"><div class=\"pdfprnt-buttons pdfprnt-buttons-post pdfprnt-top-right\"><a href=\"https:\/\/metropoliagzm.pl\/en\/wp-json\/wp\/v2\/posts\/40966?print=pdf\" class=\"pdfprnt-button pdfprnt-button-pdf\" target=\"_blank\"><img decoding=\"async\" src=\"https:\/\/metropoliagzm.pl\/wp-content\/plugins\/pdf-print\/images\/pdf.png\" alt=\"image_pdf\" title=\"View PDF\" \/><\/a><a href=\"https:\/\/metropoliagzm.pl\/en\/wp-json\/wp\/v2\/posts\/40966?print=print\" class=\"pdfprnt-button pdfprnt-button-print\" target=\"_blank\"><img decoding=\"async\" src=\"https:\/\/metropoliagzm.pl\/wp-content\/plugins\/pdf-print\/images\/print.png\" alt=\"image_print\" title=\"Print Content\" \/><\/a><\/div><p><strong>Sprawd\u017a, co dzieje si\u0119 w Sosnowcu w lipcu i sierpniu \u2013 szczeg\u00f3\u0142y w wydawanej przez miasto wakacyjnej edycji \u201erozk\u0142adu jazdy\u201d. Poni\u017cej tak\u017ce bogata oferta przygotowana przez miejskiej jednostki.<\/strong><\/p>\n<p><strong><a href=\"https:\/\/biblioteka.sosnowiec.pl\/index.php\/home-2\/1349-moc-emocji-czyli-lato-z-biblioteka-akcja-letnia-1-07-31-08-2022\">\u201eMOC EMOCJI, CZYLI LATO Z\u00a0BIBLIOTEK\u0104\u201d<\/a><\/strong><\/p>\n<p><strong><a href=\"https:\/\/kiepura.pl\/wydarzenia\/akcja-lato-2022\">KLUB KIEPURY<\/a><\/strong><\/p>\n<p><strong><a href=\"https:\/\/www.mdk-kazimierz.pl\/aktualnosci\/1694,Akcja-Lato-2022\">MDK KAZIMIERZ<\/a><\/strong><\/p>\n<p><strong><a href=\"https:\/\/www.zameksielecki.pl\/dzial-organizacji-imprez\/warsztaty\/inne\/789.html\">SOSNOWIECKIE CENTRUM SZTUKI ZAMEK SIELECKI<\/a><\/strong><\/p>\n<p><strong><a href=\"https:\/\/www.muzeum.org.pl\/fan-plastycznie-zajecia-plastyczne-dla-dzieci-6-12-lat\/\">MUZEUM<\/a><\/strong><\/p>\n<p><strong><a href=\"https:\/\/www.facebook.com\/klubmaczki\/\">KLUB MACZKI<\/a><\/strong><\/p>\n<p><strong><a href=\"https:\/\/www.mopssosnowiec.pl\/aktualnosci\/podworkowy-mopsikobus-4.html\">MIEJSKI O\u015aRODEK POMOCY SPO\u0141ECZNEJ<\/a><\/strong><\/p>\n<p><strong><a href=\"http:\/\/www.mosir.sosnowiec.pl\/\">MOSIR<\/a><\/strong><\/p>\n<p>\u0179r\u00f3d\u0142o: UM Sosnowiec<\/p>\n<div class=\"post-author\" style=\"font-size:13px\">Witold Tr\u00f3lka<\/div><\/div>","protected":false},"excerpt":{"rendered":"<p>Sprawd\u017a, co dzieje si\u0119 w Sosnowcu w lipcu i sierpniu \u2013 szczeg\u00f3\u0142y w wydawanej przez miasto wakacyjnej edycji \u201erozk\u0142adu jazdy\u201d. Poni\u017cej tak\u017ce bogata oferta przygotowana przez miejskiej jednostki. \u201eMOC EMOCJI, CZYLI LATO Z\u00a0BIBLIOTEK\u0104\u201d KLUB KIEPURY MDK KAZIMIERZ SOSNOWIECKIE CENTRUM SZTUKI ZAMEK SIELECKI MUZEUM KLUB MACZKI&#8230;<\/p>","protected":false},"author":140,"featured_media":40967,"comment_status":"closed","ping_status":"closed","sticky":false,"template":"","format":"standard","meta":{"_acf_changed":false,"footnotes":""},"categories":[226,240],"tags":[2136],"class_list":["post-40966","post","type-post","status-publish","format-standard","has-post-thumbnail","hentry","category-sosnowiec","category-turystyka-rekreacja","tag-wakacje"],"acf":[],"yoast_head":"<!-- This site is optimized with the Yoast SEO plugin v27.4 - https:\/\/yoast.com\/product\/yoast-seo-wordpress\/ -->\n<title>Wakacyjny \u201erozk\u0142ad jazdy\u201d, czyli AKCJA LATO - Metropolia GZM<\/title>\n<meta name=\"description\" content=\"Oficjalny portal G\u00f3rno\u015bl\u0105sko-Zag\u0142\u0119biowskiej Metropolii\" \/>\n<meta name=\"robots\" content=\"index, follow, max-snippet:-1, max-image-preview:large, max-video-preview:-1\" \/>\n<link rel=\"canonical\" href=\"https:\/\/metropoliagzm.pl\/en\/2022\/07\/27\/wakacyjny-rozklad-jazdy-czyli-akcja-lato\/\" \/>\n<meta name=\"twitter:card\" content=\"summary_large_image\" \/>\n<meta name=\"twitter:title\" content=\"Wakacyjny \u201erozk\u0142ad jazdy\u201d, czyli AKCJA LATO - Metropolia GZM\" \/>\n<meta name=\"twitter:description\" content=\"Oficjalny portal G\u00f3rno\u015bl\u0105sko-Zag\u0142\u0119biowskiej Metropolii\" \/>\n<meta name=\"twitter:image\" content=\"https:\/\/metropoliagzm.pl\/wp-content\/uploads\/2022\/07\/17195-2-2.jpg\" \/>\n<meta name=\"twitter:label1\" content=\"Written by\" \/>\n\t<meta name=\"twitter:data1\" content=\"Witold Tr\u00f3lka\" \/>\n\t<meta name=\"twitter:label2\" content=\"Estimated reading time\" \/>\n\t<meta name=\"twitter:data2\" content=\"1 minute\" \/>\n<script type=\"application\/ld+json\" class=\"yoast-schema-graph\">{\"@context\":\"https:\\\/\\\/schema.org\",\"@graph\":[{\"@type\":\"Article\",\"@id\":\"https:\\\/\\\/metropoliagzm.pl\\\/2022\\\/07\\\/27\\\/wakacyjny-rozklad-jazdy-czyli-akcja-lato\\\/#article\",\"isPartOf\":{\"@id\":\"https:\\\/\\\/metropoliagzm.pl\\\/2022\\\/07\\\/27\\\/wakacyjny-rozklad-jazdy-czyli-akcja-lato\\\/\"},\"author\":{\"name\":\"Witold Tr\u00f3lka\",\"@id\":\"https:\\\/\\\/metropoliagzm.pl\\\/en\\\/#\\\/schema\\\/person\\\/96e19c492916cfe1ba595fd2f60d95b8\"},\"headline\":\"Wakacyjny \u201erozk\u0142ad jazdy\u201d, czyli AKCJA LATO\",\"datePublished\":\"2022-07-27T11:35:10+00:00\",\"dateModified\":\"2022-07-27T11:35:25+00:00\",\"mainEntityOfPage\":{\"@id\":\"https:\\\/\\\/metropoliagzm.pl\\\/2022\\\/07\\\/27\\\/wakacyjny-rozklad-jazdy-czyli-akcja-lato\\\/\"},\"wordCount\":68,\"publisher\":{\"@id\":\"https:\\\/\\\/metropoliagzm.pl\\\/en\\\/#organization\"},\"image\":{\"@id\":\"https:\\\/\\\/metropoliagzm.pl\\\/2022\\\/07\\\/27\\\/wakacyjny-rozklad-jazdy-czyli-akcja-lato\\\/#primaryimage\"},\"thumbnailUrl\":\"https:\\\/\\\/metropoliagzm.pl\\\/wp-content\\\/uploads\\\/2022\\\/07\\\/17195-2-2.jpg\",\"keywords\":[\"wakacje\"],\"articleSection\":[\"Sosnowiec\",\"Turystyka i Rekreacja\"],\"inLanguage\":\"en-GB\"},{\"@type\":\"WebPage\",\"@id\":\"https:\\\/\\\/metropoliagzm.pl\\\/2022\\\/07\\\/27\\\/wakacyjny-rozklad-jazdy-czyli-akcja-lato\\\/\",\"url\":\"https:\\\/\\\/metropoliagzm.pl\\\/2022\\\/07\\\/27\\\/wakacyjny-rozklad-jazdy-czyli-akcja-lato\\\/\",\"name\":\"Wakacyjny \u201erozk\u0142ad jazdy\u201d, czyli AKCJA LATO - Metropolia GZM\",\"isPartOf\":{\"@id\":\"https:\\\/\\\/metropoliagzm.pl\\\/en\\\/#website\"},\"primaryImageOfPage\":{\"@id\":\"https:\\\/\\\/metropoliagzm.pl\\\/2022\\\/07\\\/27\\\/wakacyjny-rozklad-jazdy-czyli-akcja-lato\\\/#primaryimage\"},\"image\":{\"@id\":\"https:\\\/\\\/metropoliagzm.pl\\\/2022\\\/07\\\/27\\\/wakacyjny-rozklad-jazdy-czyli-akcja-lato\\\/#primaryimage\"},\"thumbnailUrl\":\"https:\\\/\\\/metropoliagzm.pl\\\/wp-content\\\/uploads\\\/2022\\\/07\\\/17195-2-2.jpg\",\"datePublished\":\"2022-07-27T11:35:10+00:00\",\"dateModified\":\"2022-07-27T11:35:25+00:00\",\"description\":\"Oficjalny portal G\u00f3rno\u015bl\u0105sko-Zag\u0142\u0119biowskiej Metropolii\",\"breadcrumb\":{\"@id\":\"https:\\\/\\\/metropoliagzm.pl\\\/2022\\\/07\\\/27\\\/wakacyjny-rozklad-jazdy-czyli-akcja-lato\\\/#breadcrumb\"},\"inLanguage\":\"en-GB\",\"potentialAction\":[{\"@type\":\"ReadAction\",\"target\":[\"https:\\\/\\\/metropoliagzm.pl\\\/2022\\\/07\\\/27\\\/wakacyjny-rozklad-jazdy-czyli-akcja-lato\\\/\"]}]},{\"@type\":\"ImageObject\",\"inLanguage\":\"en-GB\",\"@id\":\"https:\\\/\\\/metropoliagzm.pl\\\/2022\\\/07\\\/27\\\/wakacyjny-rozklad-jazdy-czyli-akcja-lato\\\/#primaryimage\",\"url\":\"https:\\\/\\\/metropoliagzm.pl\\\/wp-content\\\/uploads\\\/2022\\\/07\\\/17195-2-2.jpg\",\"contentUrl\":\"https:\\\/\\\/metropoliagzm.pl\\\/wp-content\\\/uploads\\\/2022\\\/07\\\/17195-2-2.jpg\",\"width\":600,\"height\":330,\"caption\":\"Foto: UM Sosnowiec\"},{\"@type\":\"BreadcrumbList\",\"@id\":\"https:\\\/\\\/metropoliagzm.pl\\\/2022\\\/07\\\/27\\\/wakacyjny-rozklad-jazdy-czyli-akcja-lato\\\/#breadcrumb\",\"itemListElement\":[{\"@type\":\"ListItem\",\"position\":1,\"name\":\"Strona g\u0142\u00f3wna\",\"item\":\"https:\\\/\\\/metropoliagzm.pl\\\/\"},{\"@type\":\"ListItem\",\"position\":2,\"name\":\"Wakacyjny \u201erozk\u0142ad jazdy\u201d, czyli AKCJA LATO\"}]},{\"@type\":\"WebSite\",\"@id\":\"https:\\\/\\\/metropoliagzm.pl\\\/en\\\/#website\",\"url\":\"https:\\\/\\\/metropoliagzm.pl\\\/en\\\/\",\"name\":\"Metropolia GZM\",\"description\":\"Oficjalny portal G\u00f3rno\u015bl\u0105sko-Zag\u0142\u0119biowskiej Metropolii\",\"publisher\":{\"@id\":\"https:\\\/\\\/metropoliagzm.pl\\\/en\\\/#organization\"},\"potentialAction\":[{\"@type\":\"SearchAction\",\"target\":{\"@type\":\"EntryPoint\",\"urlTemplate\":\"https:\\\/\\\/metropoliagzm.pl\\\/en\\\/?s={search_term_string}\"},\"query-input\":{\"@type\":\"PropertyValueSpecification\",\"valueRequired\":true,\"valueName\":\"search_term_string\"}}],\"inLanguage\":\"en-GB\"},{\"@type\":\"Organization\",\"@id\":\"https:\\\/\\\/metropoliagzm.pl\\\/en\\\/#organization\",\"name\":\"Metropolia GZM\",\"url\":\"https:\\\/\\\/metropoliagzm.pl\\\/en\\\/\",\"logo\":{\"@type\":\"ImageObject\",\"inLanguage\":\"en-GB\",\"@id\":\"https:\\\/\\\/metropoliagzm.pl\\\/en\\\/#\\\/schema\\\/logo\\\/image\\\/\",\"url\":\"https:\\\/\\\/metropoliagzm.pl\\\/wp-content\\\/uploads\\\/2019\\\/03\\\/Sygnet-strona-glowna.png\",\"contentUrl\":\"https:\\\/\\\/metropoliagzm.pl\\\/wp-content\\\/uploads\\\/2019\\\/03\\\/Sygnet-strona-glowna.png\",\"width\":36,\"height\":45,\"caption\":\"Metropolia GZM\"},\"image\":{\"@id\":\"https:\\\/\\\/metropoliagzm.pl\\\/en\\\/#\\\/schema\\\/logo\\\/image\\\/\"}},{\"@type\":\"Person\",\"@id\":\"https:\\\/\\\/metropoliagzm.pl\\\/en\\\/#\\\/schema\\\/person\\\/96e19c492916cfe1ba595fd2f60d95b8\",\"name\":\"Witold Tr\u00f3lka\",\"image\":{\"@type\":\"ImageObject\",\"inLanguage\":\"en-GB\",\"@id\":\"https:\\\/\\\/secure.gravatar.com\\\/avatar\\\/71e0c635e405b4a3631033f0d6f49e682b54dcd226d647737e1040a5a480d177?s=96&d=mm&r=g\",\"url\":\"https:\\\/\\\/secure.gravatar.com\\\/avatar\\\/71e0c635e405b4a3631033f0d6f49e682b54dcd226d647737e1040a5a480d177?s=96&d=mm&r=g\",\"contentUrl\":\"https:\\\/\\\/secure.gravatar.com\\\/avatar\\\/71e0c635e405b4a3631033f0d6f49e682b54dcd226d647737e1040a5a480d177?s=96&d=mm&r=g\",\"caption\":\"Witold Tr\u00f3lka\"},\"url\":\"https:\\\/\\\/metropoliagzm.pl\\\/en\\\/author\\\/w-trolka\\\/\"}]}<\/script>\n<!-- \/ Yoast SEO plugin. -->","yoast_head_json":{"title":"Wakacyjny \u201erozk\u0142ad jazdy\u201d, czyli AKCJA LATO - Metropolia GZM","description":"Oficjalny portal G\u00f3rno\u015bl\u0105sko-Zag\u0142\u0119biowskiej Metropolii","robots":{"index":"index","follow":"follow","max-snippet":"max-snippet:-1","max-image-preview":"max-image-preview:large","max-video-preview":"max-video-preview:-1"},"canonical":"https:\/\/metropoliagzm.pl\/en\/2022\/07\/27\/wakacyjny-rozklad-jazdy-czyli-akcja-lato\/","twitter_card":"summary_large_image","twitter_title":"Wakacyjny \u201erozk\u0142ad jazdy\u201d, czyli AKCJA LATO - Metropolia GZM","twitter_description":"Oficjalny portal G\u00f3rno\u015bl\u0105sko-Zag\u0142\u0119biowskiej Metropolii","twitter_image":"https:\/\/metropoliagzm.pl\/wp-content\/uploads\/2022\/07\/17195-2-2.jpg","twitter_misc":{"Written by":"Witold Tr\u00f3lka","Estimated reading time":"1 minute"},"schema":{"@context":"https:\/\/schema.org","@graph":[{"@type":"Article","@id":"https:\/\/metropoliagzm.pl\/2022\/07\/27\/wakacyjny-rozklad-jazdy-czyli-akcja-lato\/#article","isPartOf":{"@id":"https:\/\/metropoliagzm.pl\/2022\/07\/27\/wakacyjny-rozklad-jazdy-czyli-akcja-lato\/"},"author":{"name":"Witold Tr\u00f3lka","@id":"https:\/\/metropoliagzm.pl\/en\/#\/schema\/person\/96e19c492916cfe1ba595fd2f60d95b8"},"headline":"Wakacyjny \u201erozk\u0142ad jazdy\u201d, czyli AKCJA LATO","datePublished":"2022-07-27T11:35:10+00:00","dateModified":"2022-07-27T11:35:25+00:00","mainEntityOfPage":{"@id":"https:\/\/metropoliagzm.pl\/2022\/07\/27\/wakacyjny-rozklad-jazdy-czyli-akcja-lato\/"},"wordCount":68,"publisher":{"@id":"https:\/\/metropoliagzm.pl\/en\/#organization"},"image":{"@id":"https:\/\/metropoliagzm.pl\/2022\/07\/27\/wakacyjny-rozklad-jazdy-czyli-akcja-lato\/#primaryimage"},"thumbnailUrl":"https:\/\/metropoliagzm.pl\/wp-content\/uploads\/2022\/07\/17195-2-2.jpg","keywords":["wakacje"],"articleSection":["Sosnowiec","Turystyka i Rekreacja"],"inLanguage":"en-GB"},{"@type":"WebPage","@id":"https:\/\/metropoliagzm.pl\/2022\/07\/27\/wakacyjny-rozklad-jazdy-czyli-akcja-lato\/","url":"https:\/\/metropoliagzm.pl\/2022\/07\/27\/wakacyjny-rozklad-jazdy-czyli-akcja-lato\/","name":"Wakacyjny \u201erozk\u0142ad jazdy\u201d, czyli AKCJA LATO - Metropolia GZM","isPartOf":{"@id":"https:\/\/metropoliagzm.pl\/en\/#website"},"primaryImageOfPage":{"@id":"https:\/\/metropoliagzm.pl\/2022\/07\/27\/wakacyjny-rozklad-jazdy-czyli-akcja-lato\/#primaryimage"},"image":{"@id":"https:\/\/metropoliagzm.pl\/2022\/07\/27\/wakacyjny-rozklad-jazdy-czyli-akcja-lato\/#primaryimage"},"thumbnailUrl":"https:\/\/metropoliagzm.pl\/wp-content\/uploads\/2022\/07\/17195-2-2.jpg","datePublished":"2022-07-27T11:35:10+00:00","dateModified":"2022-07-27T11:35:25+00:00","description":"Oficjalny portal G\u00f3rno\u015bl\u0105sko-Zag\u0142\u0119biowskiej Metropolii","breadcrumb":{"@id":"https:\/\/metropoliagzm.pl\/2022\/07\/27\/wakacyjny-rozklad-jazdy-czyli-akcja-lato\/#breadcrumb"},"inLanguage":"en-GB","potentialAction":[{"@type":"ReadAction","target":["https:\/\/metropoliagzm.pl\/2022\/07\/27\/wakacyjny-rozklad-jazdy-czyli-akcja-lato\/"]}]},{"@type":"ImageObject","inLanguage":"en-GB","@id":"https:\/\/metropoliagzm.pl\/2022\/07\/27\/wakacyjny-rozklad-jazdy-czyli-akcja-lato\/#primaryimage","url":"https:\/\/metropoliagzm.pl\/wp-content\/uploads\/2022\/07\/17195-2-2.jpg","contentUrl":"https:\/\/metropoliagzm.pl\/wp-content\/uploads\/2022\/07\/17195-2-2.jpg","width":600,"height":330,"caption":"Foto: UM Sosnowiec"},{"@type":"BreadcrumbList","@id":"https:\/\/metropoliagzm.pl\/2022\/07\/27\/wakacyjny-rozklad-jazdy-czyli-akcja-lato\/#breadcrumb","itemListElement":[{"@type":"ListItem","position":1,"name":"Strona g\u0142\u00f3wna","item":"https:\/\/metropoliagzm.pl\/"},{"@type":"ListItem","position":2,"name":"Wakacyjny \u201erozk\u0142ad jazdy\u201d, czyli AKCJA LATO"}]},{"@type":"WebSite","@id":"https:\/\/metropoliagzm.pl\/en\/#website","url":"https:\/\/metropoliagzm.pl\/en\/","name":"Metropolia GZM","description":"Oficjalny portal G\u00f3rno\u015bl\u0105sko-Zag\u0142\u0119biowskiej Metropolii","publisher":{"@id":"https:\/\/metropoliagzm.pl\/en\/#organization"},"potentialAction":[{"@type":"SearchAction","target":{"@type":"EntryPoint","urlTemplate":"https:\/\/metropoliagzm.pl\/en\/?s={search_term_string}"},"query-input":{"@type":"PropertyValueSpecification","valueRequired":true,"valueName":"search_term_string"}}],"inLanguage":"en-GB"},{"@type":"Organization","@id":"https:\/\/metropoliagzm.pl\/en\/#organization","name":"Metropolia GZM","url":"https:\/\/metropoliagzm.pl\/en\/","logo":{"@type":"ImageObject","inLanguage":"en-GB","@id":"https:\/\/metropoliagzm.pl\/en\/#\/schema\/logo\/image\/","url":"https:\/\/metropoliagzm.pl\/wp-content\/uploads\/2019\/03\/Sygnet-strona-glowna.png","contentUrl":"https:\/\/metropoliagzm.pl\/wp-content\/uploads\/2019\/03\/Sygnet-strona-glowna.png","width":36,"height":45,"caption":"Metropolia GZM"},"image":{"@id":"https:\/\/metropoliagzm.pl\/en\/#\/schema\/logo\/image\/"}},{"@type":"Person","@id":"https:\/\/metropoliagzm.pl\/en\/#\/schema\/person\/96e19c492916cfe1ba595fd2f60d95b8","name":"Witold Tr\u00f3lka","image":{"@type":"ImageObject","inLanguage":"en-GB","@id":"https:\/\/secure.gravatar.com\/avatar\/71e0c635e405b4a3631033f0d6f49e682b54dcd226d647737e1040a5a480d177?s=96&d=mm&r=g","url":"https:\/\/secure.gravatar.com\/avatar\/71e0c635e405b4a3631033f0d6f49e682b54dcd226d647737e1040a5a480d177?s=96&d=mm&r=g","contentUrl":"https:\/\/secure.gravatar.com\/avatar\/71e0c635e405b4a3631033f0d6f49e682b54dcd226d647737e1040a5a480d177?s=96&d=mm&r=g","caption":"Witold Tr\u00f3lka"},"url":"https:\/\/metropoliagzm.pl\/en\/author\/w-trolka\/"}]}},"_links":{"self":[{"href":"https:\/\/metropoliagzm.pl\/en\/wp-json\/wp\/v2\/posts\/40966","targetHints":{"allow":["GET"]}}],"collection":[{"href":"https:\/\/metropoliagzm.pl\/en\/wp-json\/wp\/v2\/posts"}],"about":[{"href":"https:\/\/metropoliagzm.pl\/en\/wp-json\/wp\/v2\/types\/post"}],"author":[{"embeddable":true,"href":"https:\/\/metropoliagzm.pl\/en\/wp-json\/wp\/v2\/users\/140"}],"replies":[{"embeddable":true,"href":"https:\/\/metropoliagzm.pl\/en\/wp-json\/wp\/v2\/comments?post=40966"}],"version-history":[{"count":3,"href":"https:\/\/metropoliagzm.pl\/en\/wp-json\/wp\/v2\/posts\/40966\/revisions"}],"predecessor-version":[{"id":40973,"href":"https:\/\/metropoliagzm.pl\/en\/wp-json\/wp\/v2\/posts\/40966\/revisions\/40973"}],"wp:featuredmedia":[{"embeddable":true,"href":"https:\/\/metropoliagzm.pl\/en\/wp-json\/wp\/v2\/media\/40967"}],"wp:attachment":[{"href":"https:\/\/metropoliagzm.pl\/en\/wp-json\/wp\/v2\/media?parent=40966"}],"wp:term":[{"taxonomy":"category","embeddable":true,"href":"https:\/\/metropoliagzm.pl\/en\/wp-json\/wp\/v2\/categories?post=40966"},{"taxonomy":"post_tag","embeddable":true,"href":"https:\/\/metropoliagzm.pl\/en\/wp-json\/wp\/v2\/tags?post=40966"}],"curies":[{"name":"wp","href":"https:\/\/api.w.org\/{rel}","templated":true}]}}