{"id":42038,"date":"2022-11-17T10:22:44","date_gmt":"2022-11-17T09:22:44","guid":{"rendered":"https:\/\/metropoliagzm.pl\/?p=42038"},"modified":"2022-11-17T11:46:17","modified_gmt":"2022-11-17T10:46:17","slug":"trwa-zagospodarowanie-przestrzeni-publicznych-w-rejonie-ul-mickiewicza","status":"publish","type":"post","link":"https:\/\/metropoliagzm.pl\/en\/2022\/11\/17\/trwa-zagospodarowanie-przestrzeni-publicznych-w-rejonie-ul-mickiewicza\/","title":{"rendered":"Trwa zagospodarowanie przestrzeni publicznych w rejonie ul. Mickiewicza"},"content":{"rendered":"<div class=\"pdf-block\"><div class=\"pdfprnt-buttons  pdfprnt-new pdfprnt-buttons-post pdfprnt-top-right\"><div class=\"jssocials-share jssocials-share-twitter\"><a target=\"_blank\" href=\"https:\/\/twitter.com\/share?url=https:\/\/metropoliagzm.pl\/en\/wp-json\/wp\/v2\/posts\/42038;text=42038\" class=\"jssocials-share-link\"><i class=\"fa fa-twitter jssocials-share-logo\"><\/i><\/a><\/div><div class=\"jssocials-share jssocials-share-facebook\"><a target=\"_blank\" href=\"https:\/\/facebook.com\/sharer\/sharer.php?u=https:\/\/metropoliagzm.pl\/en\/wp-json\/wp\/v2\/posts\/42038\" class=\"jssocials-share-link\"><i class=\"fa fa-facebook jssocials-share-logo\"><\/i><\/a><\/div><div class=\"jssocials-share jssocials-share-pinterest\"><a target=\"_blank\" href=\"https:\/\/pinterest.com\/pin\/create\/bookmarklet\/?&amp;url=https:\/\/metropoliagzm.pl\/en\/wp-json\/wp\/v2\/posts\/42038;description=42038\" class=\"jssocials-share-link\"><i class=\"fa fa-pinterest jssocials-share-logo\"><\/i><\/a><\/div><a href=\"https:\/\/metropoliagzm.pl\/en\/wp-json\/wp\/v2\/posts\/42038?print=pdf\" class=\"pdfprnt-button pdfprnt-button-pdf\" target=\"_blank\"><img decoding=\"async\" src=\"https:\/\/metropoliagzm.pl\/wp-content\/plugins\/pdf-print\/images\/pdf.png\" alt=\"image_pdf\" title=\"View PDF\" \/><\/a><a href=\"https:\/\/metropoliagzm.pl\/en\/wp-json\/wp\/v2\/posts\/42038?print=print\" class=\"pdfprnt-button pdfprnt-button-print\" target=\"_blank\"><img decoding=\"async\" src=\"https:\/\/metropoliagzm.pl\/wp-content\/plugins\/pdf-print\/images\/print.png\" alt=\"image_print\" title=\"Print Content\" \/><\/a><\/div><\/div><div class=\"post-block-pdf\"><div class=\"pdfprnt-buttons pdfprnt-buttons-post pdfprnt-top-right\"><a href=\"https:\/\/metropoliagzm.pl\/en\/wp-json\/wp\/v2\/posts\/42038?print=pdf\" class=\"pdfprnt-button pdfprnt-button-pdf\" target=\"_blank\"><img decoding=\"async\" src=\"https:\/\/metropoliagzm.pl\/wp-content\/plugins\/pdf-print\/images\/pdf.png\" alt=\"image_pdf\" title=\"View PDF\" \/><\/a><a href=\"https:\/\/metropoliagzm.pl\/en\/wp-json\/wp\/v2\/posts\/42038?print=print\" class=\"pdfprnt-button pdfprnt-button-print\" target=\"_blank\"><img decoding=\"async\" src=\"https:\/\/metropoliagzm.pl\/wp-content\/plugins\/pdf-print\/images\/print.png\" alt=\"image_print\" title=\"Print Content\" \/><\/a><\/div><p class=\"info1\"><strong>Od wrze\u015bnia trwa realizacja projektu zagospodarowania przestrzeni publicznych w rejonie ul. Mickiewicza. Przebudowywane s\u0105 chodniki, ziele\u0144ce, montowane jest nowe o\u015bwietlenie.<\/strong><\/p>\n<p>W ramach projektu \u201eRewitalizacja podobszaru 13 w Bytomiu &#8211; okolice ulicy Mickiewicza\u201d wykonawca wymienia nawierzchni\u0119 chodnik\u00f3w przy miejscach parkingowych na kostk\u0119 o wi\u0119kszej przepuszczalno\u015bci wody oraz poszerza chodniki. Nawierzchnia nowych chodnik\u00f3w jest wykonana z kostki brukowej i bazaltowej. \u0141\u0105czna d\u0142ugo\u015b\u0107 remontowanych chodnik\u00f3w przy ul. Mickiewicza oraz Orl\u0105t Lwowskich wynosi ponad p\u00f3\u0142 kilometra. Prace prowadzi konsorcjum firm z Katowic &#8211; Silesia Trans Service Sp. z o.o. oraz Lexbud Budownictwo i Infrastruktura Sp. z o.o. &#8211; z kt\u00f3rymi Miejski Zarz\u0105d Dr\u00f3g i Most\u00f3w podpisa\u0142 umow\u0119. Inwestycja ma zako\u0144czy\u0107 si\u0119 na pocz\u0105tku przysz\u0142ego roku.<\/p>\n<p><img loading=\"lazy\" decoding=\"async\" class=\"\" src=\"https:\/\/www.bytom.pl\/assets\/pics\/aktualnosci\/2022-11\/image000000%205.jpg?1668513036437\" alt=\"v\" width=\"480\" height=\"640\" \/><\/p>\n<h2>\u00a0Ogr\u00f3d spo\u0142eczny, ziele\u0144ce, drzewa<\/h2>\n<p>W ramach unijnego projektu \u201eRewitalizacja podobszaru 13 w Bytomiu &#8211; okolice ulicy Mickiewicza\u201d wykonawca prowadzi r\u00f3wnie\u017c inne prace. Przy ul. Mickiewicza od ul. Prusa do ul. Powsta\u0144c\u00f3w \u015al\u0105skich trwa przebudowa ziele\u0144c\u00f3w, uzupe\u0142nienie przestrzeni o \u017cywop\u0142oty oraz nasadzenie drzew. W podw\u00f3rku ul. Mickiewicza 21-23 przeprowadzone zosta\u0142y nowe nasadzenia, wykonawca postawi\u0142 wiat\u0119 rowerow\u0105, naprawia nawierzchni\u0119 oraz zamontuje o\u015bwietlenie. Trwaj\u0105 prace przy boisku szkolnym przy Szkole Podstawowej nr 46 od strony ul. Orl\u0105t Lwowskich, gdzie powstaje ogr\u00f3d spo\u0142eczny, wytyczony zostanie nowy chodnik oraz wykonawca zainstaluje nowe \u0142awki, o\u015bwietlenie i monitoring.<\/p>\n<p>Koszt inwestycji to ponad 2,6 mln z\u0142.<\/p>\n<p><img loading=\"lazy\" decoding=\"async\" class=\"\" src=\"https:\/\/www.bytom.pl\/assets\/pics\/aktualnosci\/2022-11\/image000001%202.jpg?1668513080728\" alt=\"v\" width=\"480\" height=\"640\" \/><\/p>\n<h3>Cz\u0119\u015b\u0107 du\u017cego projektu<\/h3>\n<p>Realizowane przez Miejski Zarz\u0105d Dr\u00f3g i Most\u00f3w prace s\u0105 cz\u0119\u015bci\u0105 du\u017cego projektu, kt\u00f3rego liderem jest ZBM-TBS, a partnerem Wsp\u00f3lnoty Mieszkaniowe i Miasto Bytom.<\/p>\n<p>W ramach projektu wyremontowane zosta\u0142y ju\u017c budynki przy ul. Mickiewicza 19, 21, 23 oraz Mickiewicza 38\/Powsta\u0144c\u00f3w \u015al\u0105skich 5. Finalizowane s\u0105 prace w budynkach przy ul. Mickiewicza 5, 10, 12 a trwaj\u0105 jeszcze remonty przy ul. Mickiewicza 16, Mickiewicza 11\/Orl\u0105t Lwowskich 7, Mickiewicza 18\/Orl\u0105t Lwowskich 5a.<\/p>\n<p>\u0179r\u00f3d\u0142o: UM Bytom<\/p>\n<div class=\"post-author\" style=\"font-size:13px\">Micha\u0142 Nowak<\/div><\/div>","protected":false},"excerpt":{"rendered":"<p>Od wrze\u015bnia trwa realizacja projektu zagospodarowania przestrzeni publicznych w rejonie ul. Mickiewicza. Przebudowywane s\u0105 chodniki, ziele\u0144ce, montowane jest nowe o\u015bwietlenie. W ramach projektu \u201eRewitalizacja podobszaru 13 w Bytomiu &#8211; okolice ulicy Mickiewicza\u201d wykonawca wymienia nawierzchni\u0119 chodnik\u00f3w przy miejscach parkingowych na kostk\u0119 o wi\u0119kszej przepuszczalno\u015bci wody&#8230;<\/p>","protected":false},"author":134,"featured_media":42041,"comment_status":"closed","ping_status":"closed","sticky":false,"template":"","format":"standard","meta":{"_acf_changed":false,"footnotes":""},"categories":[199,239],"tags":[452],"class_list":["post-42038","post","type-post","status-publish","format-standard","has-post-thumbnail","hentry","category-bytom","category-gospodarka-i-inwestycje","tag-bytom"],"acf":[],"yoast_head":"<!-- This site is optimized with the Yoast SEO plugin v27.4 - https:\/\/yoast.com\/product\/yoast-seo-wordpress\/ -->\n<title>Trwa zagospodarowanie przestrzeni publicznych w rejonie ul. Mickiewicza - Metropolia GZM<\/title>\n<meta name=\"description\" content=\"Oficjalny portal G\u00f3rno\u015bl\u0105sko-Zag\u0142\u0119biowskiej Metropolii\" \/>\n<meta name=\"robots\" content=\"index, follow, max-snippet:-1, max-image-preview:large, max-video-preview:-1\" \/>\n<link rel=\"canonical\" href=\"https:\/\/metropoliagzm.pl\/en\/2022\/11\/17\/trwa-zagospodarowanie-przestrzeni-publicznych-w-rejonie-ul-mickiewicza\/\" \/>\n<meta name=\"twitter:card\" content=\"summary_large_image\" \/>\n<meta name=\"twitter:title\" content=\"Trwa zagospodarowanie przestrzeni publicznych w rejonie ul. Mickiewicza - Metropolia GZM\" \/>\n<meta name=\"twitter:description\" content=\"Oficjalny portal G\u00f3rno\u015bl\u0105sko-Zag\u0142\u0119biowskiej Metropolii\" \/>\n<meta name=\"twitter:image\" content=\"https:\/\/metropoliagzm.pl\/wp-content\/uploads\/2022\/11\/Fotoram.io_.jpg\" \/>\n<meta name=\"twitter:label1\" content=\"Written by\" \/>\n\t<meta name=\"twitter:data1\" content=\"Micha\u0142 Nowak\" \/>\n\t<meta name=\"twitter:label2\" content=\"Estimated reading time\" \/>\n\t<meta name=\"twitter:data2\" content=\"3 minutes\" \/>\n<script type=\"application\/ld+json\" class=\"yoast-schema-graph\">{\"@context\":\"https:\\\/\\\/schema.org\",\"@graph\":[{\"@type\":\"Article\",\"@id\":\"https:\\\/\\\/metropoliagzm.pl\\\/2022\\\/11\\\/17\\\/trwa-zagospodarowanie-przestrzeni-publicznych-w-rejonie-ul-mickiewicza\\\/#article\",\"isPartOf\":{\"@id\":\"https:\\\/\\\/metropoliagzm.pl\\\/2022\\\/11\\\/17\\\/trwa-zagospodarowanie-przestrzeni-publicznych-w-rejonie-ul-mickiewicza\\\/\"},\"author\":{\"name\":\"Micha\u0142 Nowak\",\"@id\":\"https:\\\/\\\/metropoliagzm.pl\\\/en\\\/#\\\/schema\\\/person\\\/9e7660ba27bc92881ef16c6fc34ae962\"},\"headline\":\"Trwa zagospodarowanie przestrzeni publicznych w rejonie ul. Mickiewicza\",\"datePublished\":\"2022-11-17T09:22:44+00:00\",\"dateModified\":\"2022-11-17T10:46:17+00:00\",\"mainEntityOfPage\":{\"@id\":\"https:\\\/\\\/metropoliagzm.pl\\\/2022\\\/11\\\/17\\\/trwa-zagospodarowanie-przestrzeni-publicznych-w-rejonie-ul-mickiewicza\\\/\"},\"wordCount\":331,\"publisher\":{\"@id\":\"https:\\\/\\\/metropoliagzm.pl\\\/en\\\/#organization\"},\"image\":{\"@id\":\"https:\\\/\\\/metropoliagzm.pl\\\/2022\\\/11\\\/17\\\/trwa-zagospodarowanie-przestrzeni-publicznych-w-rejonie-ul-mickiewicza\\\/#primaryimage\"},\"thumbnailUrl\":\"https:\\\/\\\/metropoliagzm.pl\\\/wp-content\\\/uploads\\\/2022\\\/11\\\/Fotoram.io_.jpg\",\"keywords\":[\"bytom\"],\"articleSection\":[\"Bytom\",\"Gospodarka i Inwestycje\"],\"inLanguage\":\"en-GB\"},{\"@type\":\"WebPage\",\"@id\":\"https:\\\/\\\/metropoliagzm.pl\\\/2022\\\/11\\\/17\\\/trwa-zagospodarowanie-przestrzeni-publicznych-w-rejonie-ul-mickiewicza\\\/\",\"url\":\"https:\\\/\\\/metropoliagzm.pl\\\/2022\\\/11\\\/17\\\/trwa-zagospodarowanie-przestrzeni-publicznych-w-rejonie-ul-mickiewicza\\\/\",\"name\":\"Trwa zagospodarowanie przestrzeni publicznych w rejonie ul. Mickiewicza - Metropolia GZM\",\"isPartOf\":{\"@id\":\"https:\\\/\\\/metropoliagzm.pl\\\/en\\\/#website\"},\"primaryImageOfPage\":{\"@id\":\"https:\\\/\\\/metropoliagzm.pl\\\/2022\\\/11\\\/17\\\/trwa-zagospodarowanie-przestrzeni-publicznych-w-rejonie-ul-mickiewicza\\\/#primaryimage\"},\"image\":{\"@id\":\"https:\\\/\\\/metropoliagzm.pl\\\/2022\\\/11\\\/17\\\/trwa-zagospodarowanie-przestrzeni-publicznych-w-rejonie-ul-mickiewicza\\\/#primaryimage\"},\"thumbnailUrl\":\"https:\\\/\\\/metropoliagzm.pl\\\/wp-content\\\/uploads\\\/2022\\\/11\\\/Fotoram.io_.jpg\",\"datePublished\":\"2022-11-17T09:22:44+00:00\",\"dateModified\":\"2022-11-17T10:46:17+00:00\",\"description\":\"Oficjalny portal G\u00f3rno\u015bl\u0105sko-Zag\u0142\u0119biowskiej Metropolii\",\"breadcrumb\":{\"@id\":\"https:\\\/\\\/metropoliagzm.pl\\\/2022\\\/11\\\/17\\\/trwa-zagospodarowanie-przestrzeni-publicznych-w-rejonie-ul-mickiewicza\\\/#breadcrumb\"},\"inLanguage\":\"en-GB\",\"potentialAction\":[{\"@type\":\"ReadAction\",\"target\":[\"https:\\\/\\\/metropoliagzm.pl\\\/2022\\\/11\\\/17\\\/trwa-zagospodarowanie-przestrzeni-publicznych-w-rejonie-ul-mickiewicza\\\/\"]}]},{\"@type\":\"ImageObject\",\"inLanguage\":\"en-GB\",\"@id\":\"https:\\\/\\\/metropoliagzm.pl\\\/2022\\\/11\\\/17\\\/trwa-zagospodarowanie-przestrzeni-publicznych-w-rejonie-ul-mickiewicza\\\/#primaryimage\",\"url\":\"https:\\\/\\\/metropoliagzm.pl\\\/wp-content\\\/uploads\\\/2022\\\/11\\\/Fotoram.io_.jpg\",\"contentUrl\":\"https:\\\/\\\/metropoliagzm.pl\\\/wp-content\\\/uploads\\\/2022\\\/11\\\/Fotoram.io_.jpg\",\"width\":714,\"height\":441,\"caption\":\"Bytom\"},{\"@type\":\"BreadcrumbList\",\"@id\":\"https:\\\/\\\/metropoliagzm.pl\\\/2022\\\/11\\\/17\\\/trwa-zagospodarowanie-przestrzeni-publicznych-w-rejonie-ul-mickiewicza\\\/#breadcrumb\",\"itemListElement\":[{\"@type\":\"ListItem\",\"position\":1,\"name\":\"Strona g\u0142\u00f3wna\",\"item\":\"https:\\\/\\\/metropoliagzm.pl\\\/\"},{\"@type\":\"ListItem\",\"position\":2,\"name\":\"Trwa zagospodarowanie przestrzeni publicznych w rejonie ul. Mickiewicza\"}]},{\"@type\":\"WebSite\",\"@id\":\"https:\\\/\\\/metropoliagzm.pl\\\/en\\\/#website\",\"url\":\"https:\\\/\\\/metropoliagzm.pl\\\/en\\\/\",\"name\":\"Metropolia GZM\",\"description\":\"Oficjalny portal G\u00f3rno\u015bl\u0105sko-Zag\u0142\u0119biowskiej Metropolii\",\"publisher\":{\"@id\":\"https:\\\/\\\/metropoliagzm.pl\\\/en\\\/#organization\"},\"potentialAction\":[{\"@type\":\"SearchAction\",\"target\":{\"@type\":\"EntryPoint\",\"urlTemplate\":\"https:\\\/\\\/metropoliagzm.pl\\\/en\\\/?s={search_term_string}\"},\"query-input\":{\"@type\":\"PropertyValueSpecification\",\"valueRequired\":true,\"valueName\":\"search_term_string\"}}],\"inLanguage\":\"en-GB\"},{\"@type\":\"Organization\",\"@id\":\"https:\\\/\\\/metropoliagzm.pl\\\/en\\\/#organization\",\"name\":\"Metropolia GZM\",\"url\":\"https:\\\/\\\/metropoliagzm.pl\\\/en\\\/\",\"logo\":{\"@type\":\"ImageObject\",\"inLanguage\":\"en-GB\",\"@id\":\"https:\\\/\\\/metropoliagzm.pl\\\/en\\\/#\\\/schema\\\/logo\\\/image\\\/\",\"url\":\"https:\\\/\\\/metropoliagzm.pl\\\/wp-content\\\/uploads\\\/2019\\\/03\\\/Sygnet-strona-glowna.png\",\"contentUrl\":\"https:\\\/\\\/metropoliagzm.pl\\\/wp-content\\\/uploads\\\/2019\\\/03\\\/Sygnet-strona-glowna.png\",\"width\":36,\"height\":45,\"caption\":\"Metropolia GZM\"},\"image\":{\"@id\":\"https:\\\/\\\/metropoliagzm.pl\\\/en\\\/#\\\/schema\\\/logo\\\/image\\\/\"}},{\"@type\":\"Person\",\"@id\":\"https:\\\/\\\/metropoliagzm.pl\\\/en\\\/#\\\/schema\\\/person\\\/9e7660ba27bc92881ef16c6fc34ae962\",\"name\":\"Micha\u0142 Nowak\",\"image\":{\"@type\":\"ImageObject\",\"inLanguage\":\"en-GB\",\"@id\":\"https:\\\/\\\/secure.gravatar.com\\\/avatar\\\/2d51f070ccac4989b201dc1a42c3a6d46ff007fc5e569ff280535ab8e8122a59?s=96&d=mm&r=g\",\"url\":\"https:\\\/\\\/secure.gravatar.com\\\/avatar\\\/2d51f070ccac4989b201dc1a42c3a6d46ff007fc5e569ff280535ab8e8122a59?s=96&d=mm&r=g\",\"contentUrl\":\"https:\\\/\\\/secure.gravatar.com\\\/avatar\\\/2d51f070ccac4989b201dc1a42c3a6d46ff007fc5e569ff280535ab8e8122a59?s=96&d=mm&r=g\",\"caption\":\"Micha\u0142 Nowak\"},\"url\":\"https:\\\/\\\/metropoliagzm.pl\\\/en\\\/author\\\/michal-nowak\\\/\"}]}<\/script>\n<!-- \/ Yoast SEO plugin. -->","yoast_head_json":{"title":"Trwa zagospodarowanie przestrzeni publicznych w rejonie ul. Mickiewicza - Metropolia GZM","description":"Oficjalny portal G\u00f3rno\u015bl\u0105sko-Zag\u0142\u0119biowskiej Metropolii","robots":{"index":"index","follow":"follow","max-snippet":"max-snippet:-1","max-image-preview":"max-image-preview:large","max-video-preview":"max-video-preview:-1"},"canonical":"https:\/\/metropoliagzm.pl\/en\/2022\/11\/17\/trwa-zagospodarowanie-przestrzeni-publicznych-w-rejonie-ul-mickiewicza\/","twitter_card":"summary_large_image","twitter_title":"Trwa zagospodarowanie przestrzeni publicznych w rejonie ul. Mickiewicza - Metropolia GZM","twitter_description":"Oficjalny portal G\u00f3rno\u015bl\u0105sko-Zag\u0142\u0119biowskiej Metropolii","twitter_image":"https:\/\/metropoliagzm.pl\/wp-content\/uploads\/2022\/11\/Fotoram.io_.jpg","twitter_misc":{"Written by":"Micha\u0142 Nowak","Estimated reading time":"3 minutes"},"schema":{"@context":"https:\/\/schema.org","@graph":[{"@type":"Article","@id":"https:\/\/metropoliagzm.pl\/2022\/11\/17\/trwa-zagospodarowanie-przestrzeni-publicznych-w-rejonie-ul-mickiewicza\/#article","isPartOf":{"@id":"https:\/\/metropoliagzm.pl\/2022\/11\/17\/trwa-zagospodarowanie-przestrzeni-publicznych-w-rejonie-ul-mickiewicza\/"},"author":{"name":"Micha\u0142 Nowak","@id":"https:\/\/metropoliagzm.pl\/en\/#\/schema\/person\/9e7660ba27bc92881ef16c6fc34ae962"},"headline":"Trwa zagospodarowanie przestrzeni publicznych w rejonie ul. Mickiewicza","datePublished":"2022-11-17T09:22:44+00:00","dateModified":"2022-11-17T10:46:17+00:00","mainEntityOfPage":{"@id":"https:\/\/metropoliagzm.pl\/2022\/11\/17\/trwa-zagospodarowanie-przestrzeni-publicznych-w-rejonie-ul-mickiewicza\/"},"wordCount":331,"publisher":{"@id":"https:\/\/metropoliagzm.pl\/en\/#organization"},"image":{"@id":"https:\/\/metropoliagzm.pl\/2022\/11\/17\/trwa-zagospodarowanie-przestrzeni-publicznych-w-rejonie-ul-mickiewicza\/#primaryimage"},"thumbnailUrl":"https:\/\/metropoliagzm.pl\/wp-content\/uploads\/2022\/11\/Fotoram.io_.jpg","keywords":["bytom"],"articleSection":["Bytom","Gospodarka i Inwestycje"],"inLanguage":"en-GB"},{"@type":"WebPage","@id":"https:\/\/metropoliagzm.pl\/2022\/11\/17\/trwa-zagospodarowanie-przestrzeni-publicznych-w-rejonie-ul-mickiewicza\/","url":"https:\/\/metropoliagzm.pl\/2022\/11\/17\/trwa-zagospodarowanie-przestrzeni-publicznych-w-rejonie-ul-mickiewicza\/","name":"Trwa zagospodarowanie przestrzeni publicznych w rejonie ul. Mickiewicza - Metropolia GZM","isPartOf":{"@id":"https:\/\/metropoliagzm.pl\/en\/#website"},"primaryImageOfPage":{"@id":"https:\/\/metropoliagzm.pl\/2022\/11\/17\/trwa-zagospodarowanie-przestrzeni-publicznych-w-rejonie-ul-mickiewicza\/#primaryimage"},"image":{"@id":"https:\/\/metropoliagzm.pl\/2022\/11\/17\/trwa-zagospodarowanie-przestrzeni-publicznych-w-rejonie-ul-mickiewicza\/#primaryimage"},"thumbnailUrl":"https:\/\/metropoliagzm.pl\/wp-content\/uploads\/2022\/11\/Fotoram.io_.jpg","datePublished":"2022-11-17T09:22:44+00:00","dateModified":"2022-11-17T10:46:17+00:00","description":"Oficjalny portal G\u00f3rno\u015bl\u0105sko-Zag\u0142\u0119biowskiej Metropolii","breadcrumb":{"@id":"https:\/\/metropoliagzm.pl\/2022\/11\/17\/trwa-zagospodarowanie-przestrzeni-publicznych-w-rejonie-ul-mickiewicza\/#breadcrumb"},"inLanguage":"en-GB","potentialAction":[{"@type":"ReadAction","target":["https:\/\/metropoliagzm.pl\/2022\/11\/17\/trwa-zagospodarowanie-przestrzeni-publicznych-w-rejonie-ul-mickiewicza\/"]}]},{"@type":"ImageObject","inLanguage":"en-GB","@id":"https:\/\/metropoliagzm.pl\/2022\/11\/17\/trwa-zagospodarowanie-przestrzeni-publicznych-w-rejonie-ul-mickiewicza\/#primaryimage","url":"https:\/\/metropoliagzm.pl\/wp-content\/uploads\/2022\/11\/Fotoram.io_.jpg","contentUrl":"https:\/\/metropoliagzm.pl\/wp-content\/uploads\/2022\/11\/Fotoram.io_.jpg","width":714,"height":441,"caption":"Bytom"},{"@type":"BreadcrumbList","@id":"https:\/\/metropoliagzm.pl\/2022\/11\/17\/trwa-zagospodarowanie-przestrzeni-publicznych-w-rejonie-ul-mickiewicza\/#breadcrumb","itemListElement":[{"@type":"ListItem","position":1,"name":"Strona g\u0142\u00f3wna","item":"https:\/\/metropoliagzm.pl\/"},{"@type":"ListItem","position":2,"name":"Trwa zagospodarowanie przestrzeni publicznych w rejonie ul. Mickiewicza"}]},{"@type":"WebSite","@id":"https:\/\/metropoliagzm.pl\/en\/#website","url":"https:\/\/metropoliagzm.pl\/en\/","name":"Metropolia GZM","description":"Oficjalny portal G\u00f3rno\u015bl\u0105sko-Zag\u0142\u0119biowskiej Metropolii","publisher":{"@id":"https:\/\/metropoliagzm.pl\/en\/#organization"},"potentialAction":[{"@type":"SearchAction","target":{"@type":"EntryPoint","urlTemplate":"https:\/\/metropoliagzm.pl\/en\/?s={search_term_string}"},"query-input":{"@type":"PropertyValueSpecification","valueRequired":true,"valueName":"search_term_string"}}],"inLanguage":"en-GB"},{"@type":"Organization","@id":"https:\/\/metropoliagzm.pl\/en\/#organization","name":"Metropolia GZM","url":"https:\/\/metropoliagzm.pl\/en\/","logo":{"@type":"ImageObject","inLanguage":"en-GB","@id":"https:\/\/metropoliagzm.pl\/en\/#\/schema\/logo\/image\/","url":"https:\/\/metropoliagzm.pl\/wp-content\/uploads\/2019\/03\/Sygnet-strona-glowna.png","contentUrl":"https:\/\/metropoliagzm.pl\/wp-content\/uploads\/2019\/03\/Sygnet-strona-glowna.png","width":36,"height":45,"caption":"Metropolia GZM"},"image":{"@id":"https:\/\/metropoliagzm.pl\/en\/#\/schema\/logo\/image\/"}},{"@type":"Person","@id":"https:\/\/metropoliagzm.pl\/en\/#\/schema\/person\/9e7660ba27bc92881ef16c6fc34ae962","name":"Micha\u0142 Nowak","image":{"@type":"ImageObject","inLanguage":"en-GB","@id":"https:\/\/secure.gravatar.com\/avatar\/2d51f070ccac4989b201dc1a42c3a6d46ff007fc5e569ff280535ab8e8122a59?s=96&d=mm&r=g","url":"https:\/\/secure.gravatar.com\/avatar\/2d51f070ccac4989b201dc1a42c3a6d46ff007fc5e569ff280535ab8e8122a59?s=96&d=mm&r=g","contentUrl":"https:\/\/secure.gravatar.com\/avatar\/2d51f070ccac4989b201dc1a42c3a6d46ff007fc5e569ff280535ab8e8122a59?s=96&d=mm&r=g","caption":"Micha\u0142 Nowak"},"url":"https:\/\/metropoliagzm.pl\/en\/author\/michal-nowak\/"}]}},"_links":{"self":[{"href":"https:\/\/metropoliagzm.pl\/en\/wp-json\/wp\/v2\/posts\/42038","targetHints":{"allow":["GET"]}}],"collection":[{"href":"https:\/\/metropoliagzm.pl\/en\/wp-json\/wp\/v2\/posts"}],"about":[{"href":"https:\/\/metropoliagzm.pl\/en\/wp-json\/wp\/v2\/types\/post"}],"author":[{"embeddable":true,"href":"https:\/\/metropoliagzm.pl\/en\/wp-json\/wp\/v2\/users\/134"}],"replies":[{"embeddable":true,"href":"https:\/\/metropoliagzm.pl\/en\/wp-json\/wp\/v2\/comments?post=42038"}],"version-history":[{"count":2,"href":"https:\/\/metropoliagzm.pl\/en\/wp-json\/wp\/v2\/posts\/42038\/revisions"}],"predecessor-version":[{"id":42042,"href":"https:\/\/metropoliagzm.pl\/en\/wp-json\/wp\/v2\/posts\/42038\/revisions\/42042"}],"wp:featuredmedia":[{"embeddable":true,"href":"https:\/\/metropoliagzm.pl\/en\/wp-json\/wp\/v2\/media\/42041"}],"wp:attachment":[{"href":"https:\/\/metropoliagzm.pl\/en\/wp-json\/wp\/v2\/media?parent=42038"}],"wp:term":[{"taxonomy":"category","embeddable":true,"href":"https:\/\/metropoliagzm.pl\/en\/wp-json\/wp\/v2\/categories?post=42038"},{"taxonomy":"post_tag","embeddable":true,"href":"https:\/\/metropoliagzm.pl\/en\/wp-json\/wp\/v2\/tags?post=42038"}],"curies":[{"name":"wp","href":"https:\/\/api.w.org\/{rel}","templated":true}]}}