{"id":4495,"date":"2019-03-01T14:03:51","date_gmt":"2019-03-01T13:03:51","guid":{"rendered":"https:\/\/wpgzm.dev.euvic.pl\/?p=4495"},"modified":"2019-05-21T10:33:49","modified_gmt":"2019-05-21T08:33:49","slug":"znamy-gwiazdy-dni-piekar-slaskich-2019","status":"publish","type":"post","link":"https:\/\/metropoliagzm.pl\/en\/2019\/03\/01\/znamy-gwiazdy-dni-piekar-slaskich-2019\/","title":{"rendered":"Znamy gwiazdy Dni Piekar \u015al\u0105skich 2019"},"content":{"rendered":"<div class=\"pdf-block\"><div class=\"pdfprnt-buttons  pdfprnt-new pdfprnt-buttons-post pdfprnt-top-right\"><div class=\"jssocials-share jssocials-share-twitter\"><a target=\"_blank\" href=\"https:\/\/twitter.com\/share?url=https:\/\/metropoliagzm.pl\/en\/wp-json\/wp\/v2\/posts\/4495;text=4495\" class=\"jssocials-share-link\"><i class=\"fa fa-twitter jssocials-share-logo\"><\/i><\/a><\/div><div class=\"jssocials-share jssocials-share-facebook\"><a target=\"_blank\" href=\"https:\/\/facebook.com\/sharer\/sharer.php?u=https:\/\/metropoliagzm.pl\/en\/wp-json\/wp\/v2\/posts\/4495\" class=\"jssocials-share-link\"><i class=\"fa fa-facebook jssocials-share-logo\"><\/i><\/a><\/div><div class=\"jssocials-share jssocials-share-pinterest\"><a target=\"_blank\" href=\"https:\/\/pinterest.com\/pin\/create\/bookmarklet\/?&amp;url=https:\/\/metropoliagzm.pl\/en\/wp-json\/wp\/v2\/posts\/4495;description=4495\" class=\"jssocials-share-link\"><i class=\"fa fa-pinterest jssocials-share-logo\"><\/i><\/a><\/div><a href=\"https:\/\/metropoliagzm.pl\/en\/wp-json\/wp\/v2\/posts\/4495?print=pdf\" class=\"pdfprnt-button pdfprnt-button-pdf\" target=\"_blank\"><img decoding=\"async\" src=\"https:\/\/metropoliagzm.pl\/wp-content\/plugins\/pdf-print\/images\/pdf.png\" alt=\"image_pdf\" title=\"View PDF\" \/><\/a><a href=\"https:\/\/metropoliagzm.pl\/en\/wp-json\/wp\/v2\/posts\/4495?print=print\" class=\"pdfprnt-button pdfprnt-button-print\" target=\"_blank\"><img decoding=\"async\" src=\"https:\/\/metropoliagzm.pl\/wp-content\/plugins\/pdf-print\/images\/print.png\" alt=\"image_print\" title=\"Print Content\" \/><\/a><\/div><\/div><div class=\"post-block-pdf\"><div class=\"pdfprnt-buttons pdfprnt-buttons-post pdfprnt-top-right\"><a href=\"https:\/\/metropoliagzm.pl\/en\/wp-json\/wp\/v2\/posts\/4495?print=pdf\" class=\"pdfprnt-button pdfprnt-button-pdf\" target=\"_blank\"><img decoding=\"async\" src=\"https:\/\/metropoliagzm.pl\/wp-content\/plugins\/pdf-print\/images\/pdf.png\" alt=\"image_pdf\" title=\"View PDF\" \/><\/a><a href=\"https:\/\/metropoliagzm.pl\/en\/wp-json\/wp\/v2\/posts\/4495?print=print\" class=\"pdfprnt-button pdfprnt-button-print\" target=\"_blank\"><img decoding=\"async\" src=\"https:\/\/metropoliagzm.pl\/wp-content\/plugins\/pdf-print\/images\/print.png\" alt=\"image_print\" title=\"Print Content\" \/><\/a><\/div>\n<p><strong>Wiemy kto wyst\u0105pi podczas tegorocznych Dni Piekar \u015al\u0105skich. Na naszej scenie pojawi\u0105 si\u0119 m.in. Andrzej Piaseczny, After Party, Monika Lewczuk oraz Masajah. \u015awietnej zabawy z pewno\u015bci\u0105 nie zabraknie!<\/strong><\/p>\n\n\n\n<p>Tegoroczne Dni Miasta odb\u0119d\u0105 si\u0119 w dniach 12-14 lipca. Jak co roku, wydarzenie to zostanie zorganizowane na stadionie Miejskiego O\u015brodka Sportu i Rekreacji przy ul. Olimpijskiej 3.<\/p>\n\n\n\n<p>Pod koniec zesz\u0142ego roku mieszka\u0144cy naszego miasta tworzyli zestawienie gwiazd, kt\u00f3re chcieliby zobaczy\u0107 podczas Dni Piekar \u015al\u0105skich 2019. Nale\u017cy niestety zaznaczy\u0107, \u017ce nie wszystkie \u017cyczenia piekarzan uda\u0142o si\u0119 spe\u0142ni\u0107. Cz\u0119\u015b\u0107 zg\u0142oszonych artyst\u00f3w by\u0142a poza cenowym zasi\u0119giem miasta, za\u015b w przypadku niekt\u00f3rych spotkali\u015bmy si\u0119 z odmow\u0105 ze wzgl\u0119du na zaplanowane wcze\u015bniej trasy koncertowe. Pomimo trudno\u015bci, uda\u0142o si\u0119 zebra\u0107 fantastyczn\u0105 grup\u0119 wykonawc\u00f3w, kt\u00f3rzy u\u015bwietni\u0105 lipcowe wydarzenie i z pewno\u015bci\u0105 dostarcz\u0105 piekarzanom mn\u00f3stwa wra\u017ce\u0144!<\/p>\n\n\n\n<p>Tegoroczne \u015bwi\u0119to Piekar \u015al\u0105skich potrwa trzy dni. Ju\u017c pierwszego z nich, 12 lipca, na naszej scenie zaprezentuj\u0105 si\u0119 \u015bwietni arty\u015bci. Tego dnia wys\u0142ucha\u0107 b\u0119dzie bowiem mo\u017cna utwor\u00f3w Mesajaha, Smolastego, Kartky\u2019ego, Tymka czy grupy Tam Tam. Taki repertuar z pewno\u015bci\u0105 przyci\u0105gnie liczne grono m\u0142odych piekarzan i zapewni im niezapomniane emocje.<\/p>\n\n\n\n<p>Drugiego dnia \u2013 w sobot\u0119 (13 lipca) \u2013 stadion MOSiRu wype\u0142nia\u0107 b\u0119d\u0105 taneczne brzmienia. Na piekarskiej scenie zobaczy\u0107 b\u0119dzie mo\u017cna laureat\u00f3w konkurs\u00f3w MDK, Festiwalu SPI nie \u015aPI, a tak\u017ce piekarski zesp\u00f3\u0142 Tukej. Wiecz\u00f3r nale\u017ce\u0107 b\u0119dzie do Moniki Lewczuk oraz zespo\u0142u After Party, znanego z hit\u00f3w takich jak: \u201eOna lubi pomara\u0144cze\u201d czy \u201eTylko ona jedyna\u201d. Na zako\u0144czenie sobotnich koncert\u00f3w przewidziana zosta\u0142a dyskoteka plenerowa, kt\u00f3r\u0105 poprowadzi, tak jak w roku ubieg\u0142ym, fantastyczny DJ Gruca.<\/p>\n\n\n\n<p>Ostatni dzie\u0144 piekarskiego \u015bwi\u0119ta b\u0119dzie niezwykle zr\u00f3\u017cnicowany \u2013 ka\u017cdy znajdzie tu co\u015b dla siebie. Imprez\u0119 rozpocznie bowiem tradycyjny ju\u017c Festiwal Integracyjny Skrzyd\u0142a, po kt\u00f3rym na naszej scenie zobaczy\u0107 b\u0119dzie mo\u017cna gwiazdy Radia Piekary \u2013 Dawida Janiaka i zesp\u00f3\u0142 Blue Party. O fantastyczne humory mieszka\u0144c\u00f3w naszego miasta zadba te\u017c Cezary Pazura, kt\u00f3ry swym repertuarem roz\u015bmieszy publiczno\u015b\u0107 do \u0142ez. Niedzielny wiecz\u00f3r b\u0119dzie tak\u017ce gratk\u0105 dla wszystkich mi\u0142o\u015bnik\u00f3w popu oraz rocka. To w\u0142a\u015bnie wtedy swe koncerty zagra zesp\u00f3\u0142 Akurat oraz gwiazda wieczoru \u2013 Andrzej Piaseczny.<\/p>\n\n\n\n<p>Jak co roku, na zamkni\u0119cie imprezy zaplanowany zosta\u0142 niezwyk\u0142y pokaz laserowy.<\/p>\n\n\n\n<p>Ju\u017c dzi\u015b serdecznie zapraszamy wszystkich na Dni Piekar \u015al\u0105skich 2019!<\/p>\n\n\n\n<p>\n\n\u0179r\u00f3d\u0142o:www.piekary.pl\n\n<\/p>\n<div class=\"post-author\" style=\"font-size:13px\">Zbigniew Anio\u0142<\/div><\/div>","protected":false},"excerpt":{"rendered":"<p>Wiemy kto wyst\u0105pi podczas tegorocznych Dni Piekar \u015al\u0105skich. Na naszej scenie pojawi\u0105 si\u0119 m.in. Andrzej Piaseczny, After Party, Monika Lewczuk oraz Masajah. \u015awietnej zabawy z pewno\u015bci\u0105 nie zabraknie! Tegoroczne Dni Miasta odb\u0119d\u0105 si\u0119 w dniach 12-14 lipca. Jak co roku, wydarzenie to zostanie zorganizowane na&#8230;<\/p>","protected":false},"author":137,"featured_media":4497,"comment_status":"closed","ping_status":"closed","sticky":false,"template":"","format":"standard","meta":{"_acf_changed":false,"footnotes":""},"categories":[241,216],"tags":[478,466],"class_list":["post-4495","post","type-post","status-publish","format-standard","has-post-thumbnail","hentry","category-kultura","category-piekary-slaskie","tag-dni-piekar-slaskich","tag-piekary-slaskie"],"acf":[],"yoast_head":"<!-- This site is optimized with the Yoast SEO plugin v27.4 - https:\/\/yoast.com\/product\/yoast-seo-wordpress\/ -->\n<title>Znamy gwiazdy Dni Piekar \u015al\u0105skich 2019 - Metropolia GZM<\/title>\n<meta name=\"description\" content=\"Oficjalny portal G\u00f3rno\u015bl\u0105sko-Zag\u0142\u0119biowskiej Metropolii\" \/>\n<meta name=\"robots\" content=\"index, follow, max-snippet:-1, max-image-preview:large, max-video-preview:-1\" \/>\n<link rel=\"canonical\" href=\"https:\/\/metropoliagzm.pl\/en\/2019\/03\/01\/znamy-gwiazdy-dni-piekar-slaskich-2019\/\" \/>\n<meta name=\"twitter:card\" content=\"summary_large_image\" \/>\n<meta name=\"twitter:title\" content=\"Znamy gwiazdy Dni Piekar \u015al\u0105skich 2019 - Metropolia GZM\" \/>\n<meta name=\"twitter:description\" content=\"Oficjalny portal G\u00f3rno\u015bl\u0105sko-Zag\u0142\u0119biowskiej Metropolii\" \/>\n<meta name=\"twitter:image\" content=\"https:\/\/metropoliagzm.pl\/wp-content\/uploads\/2019\/04\/Dni-Piekar-\u015al\u0105skich-2019.png\" \/>\n<meta name=\"twitter:label1\" content=\"Written by\" \/>\n\t<meta name=\"twitter:data1\" content=\"Zbigniew Anio\u0142\" \/>\n\t<meta name=\"twitter:label2\" content=\"Estimated reading time\" \/>\n\t<meta name=\"twitter:data2\" content=\"2 minutes\" \/>\n<script type=\"application\/ld+json\" class=\"yoast-schema-graph\">{\"@context\":\"https:\\\/\\\/schema.org\",\"@graph\":[{\"@type\":\"Article\",\"@id\":\"https:\\\/\\\/metropoliagzm.pl\\\/en\\\/2019\\\/03\\\/01\\\/znamy-gwiazdy-dni-piekar-slaskich-2019\\\/#article\",\"isPartOf\":{\"@id\":\"https:\\\/\\\/metropoliagzm.pl\\\/en\\\/2019\\\/03\\\/01\\\/znamy-gwiazdy-dni-piekar-slaskich-2019\\\/\"},\"author\":{\"name\":\"Zbigniew Anio\u0142\",\"@id\":\"https:\\\/\\\/metropoliagzm.pl\\\/en\\\/#\\\/schema\\\/person\\\/9989523a35d06ccd7af13d71b6d7eb68\"},\"headline\":\"Znamy gwiazdy Dni Piekar \u015al\u0105skich 2019\",\"datePublished\":\"2019-03-01T13:03:51+00:00\",\"dateModified\":\"2019-05-21T08:33:49+00:00\",\"mainEntityOfPage\":{\"@id\":\"https:\\\/\\\/metropoliagzm.pl\\\/en\\\/2019\\\/03\\\/01\\\/znamy-gwiazdy-dni-piekar-slaskich-2019\\\/\"},\"wordCount\":433,\"publisher\":{\"@id\":\"https:\\\/\\\/metropoliagzm.pl\\\/en\\\/#organization\"},\"image\":{\"@id\":\"https:\\\/\\\/metropoliagzm.pl\\\/en\\\/2019\\\/03\\\/01\\\/znamy-gwiazdy-dni-piekar-slaskich-2019\\\/#primaryimage\"},\"thumbnailUrl\":\"https:\\\/\\\/metropoliagzm.pl\\\/wp-content\\\/uploads\\\/2019\\\/04\\\/Dni-Piekar-\u015al\u0105skich-2019.png\",\"keywords\":[\"Dni Piekar \u015al\u0105skich\",\"Piekary \u015al\u0105skie\"],\"articleSection\":[\"Kultura\",\"Piekary \u015al\u0105skie\"],\"inLanguage\":\"en-GB\"},{\"@type\":\"WebPage\",\"@id\":\"https:\\\/\\\/metropoliagzm.pl\\\/en\\\/2019\\\/03\\\/01\\\/znamy-gwiazdy-dni-piekar-slaskich-2019\\\/\",\"url\":\"https:\\\/\\\/metropoliagzm.pl\\\/en\\\/2019\\\/03\\\/01\\\/znamy-gwiazdy-dni-piekar-slaskich-2019\\\/\",\"name\":\"Znamy gwiazdy Dni Piekar \u015al\u0105skich 2019 - Metropolia GZM\",\"isPartOf\":{\"@id\":\"https:\\\/\\\/metropoliagzm.pl\\\/en\\\/#website\"},\"primaryImageOfPage\":{\"@id\":\"https:\\\/\\\/metropoliagzm.pl\\\/en\\\/2019\\\/03\\\/01\\\/znamy-gwiazdy-dni-piekar-slaskich-2019\\\/#primaryimage\"},\"image\":{\"@id\":\"https:\\\/\\\/metropoliagzm.pl\\\/en\\\/2019\\\/03\\\/01\\\/znamy-gwiazdy-dni-piekar-slaskich-2019\\\/#primaryimage\"},\"thumbnailUrl\":\"https:\\\/\\\/metropoliagzm.pl\\\/wp-content\\\/uploads\\\/2019\\\/04\\\/Dni-Piekar-\u015al\u0105skich-2019.png\",\"datePublished\":\"2019-03-01T13:03:51+00:00\",\"dateModified\":\"2019-05-21T08:33:49+00:00\",\"description\":\"Oficjalny portal G\u00f3rno\u015bl\u0105sko-Zag\u0142\u0119biowskiej Metropolii\",\"breadcrumb\":{\"@id\":\"https:\\\/\\\/metropoliagzm.pl\\\/en\\\/2019\\\/03\\\/01\\\/znamy-gwiazdy-dni-piekar-slaskich-2019\\\/#breadcrumb\"},\"inLanguage\":\"en-GB\",\"potentialAction\":[{\"@type\":\"ReadAction\",\"target\":[\"https:\\\/\\\/metropoliagzm.pl\\\/en\\\/2019\\\/03\\\/01\\\/znamy-gwiazdy-dni-piekar-slaskich-2019\\\/\"]}]},{\"@type\":\"ImageObject\",\"inLanguage\":\"en-GB\",\"@id\":\"https:\\\/\\\/metropoliagzm.pl\\\/en\\\/2019\\\/03\\\/01\\\/znamy-gwiazdy-dni-piekar-slaskich-2019\\\/#primaryimage\",\"url\":\"https:\\\/\\\/metropoliagzm.pl\\\/wp-content\\\/uploads\\\/2019\\\/04\\\/Dni-Piekar-\u015al\u0105skich-2019.png\",\"contentUrl\":\"https:\\\/\\\/metropoliagzm.pl\\\/wp-content\\\/uploads\\\/2019\\\/04\\\/Dni-Piekar-\u015al\u0105skich-2019.png\",\"width\":1024,\"height\":486,\"caption\":\"Dni Piekar \u015al\u0105skich w 2019 zaplanowano na 12,13 i 14 lipca\\\/fot. UM Piekary \u015alaskie\"},{\"@type\":\"BreadcrumbList\",\"@id\":\"https:\\\/\\\/metropoliagzm.pl\\\/en\\\/2019\\\/03\\\/01\\\/znamy-gwiazdy-dni-piekar-slaskich-2019\\\/#breadcrumb\",\"itemListElement\":[{\"@type\":\"ListItem\",\"position\":1,\"name\":\"Strona g\u0142\u00f3wna\",\"item\":\"https:\\\/\\\/metropoliagzm.pl\\\/\"},{\"@type\":\"ListItem\",\"position\":2,\"name\":\"Znamy gwiazdy Dni Piekar \u015al\u0105skich 2019\"}]},{\"@type\":\"WebSite\",\"@id\":\"https:\\\/\\\/metropoliagzm.pl\\\/en\\\/#website\",\"url\":\"https:\\\/\\\/metropoliagzm.pl\\\/en\\\/\",\"name\":\"Metropolia GZM\",\"description\":\"Oficjalny portal G\u00f3rno\u015bl\u0105sko-Zag\u0142\u0119biowskiej Metropolii\",\"publisher\":{\"@id\":\"https:\\\/\\\/metropoliagzm.pl\\\/en\\\/#organization\"},\"potentialAction\":[{\"@type\":\"SearchAction\",\"target\":{\"@type\":\"EntryPoint\",\"urlTemplate\":\"https:\\\/\\\/metropoliagzm.pl\\\/en\\\/?s={search_term_string}\"},\"query-input\":{\"@type\":\"PropertyValueSpecification\",\"valueRequired\":true,\"valueName\":\"search_term_string\"}}],\"inLanguage\":\"en-GB\"},{\"@type\":\"Organization\",\"@id\":\"https:\\\/\\\/metropoliagzm.pl\\\/en\\\/#organization\",\"name\":\"Metropolia GZM\",\"url\":\"https:\\\/\\\/metropoliagzm.pl\\\/en\\\/\",\"logo\":{\"@type\":\"ImageObject\",\"inLanguage\":\"en-GB\",\"@id\":\"https:\\\/\\\/metropoliagzm.pl\\\/en\\\/#\\\/schema\\\/logo\\\/image\\\/\",\"url\":\"https:\\\/\\\/metropoliagzm.pl\\\/wp-content\\\/uploads\\\/2019\\\/03\\\/Sygnet-strona-glowna.png\",\"contentUrl\":\"https:\\\/\\\/metropoliagzm.pl\\\/wp-content\\\/uploads\\\/2019\\\/03\\\/Sygnet-strona-glowna.png\",\"width\":36,\"height\":45,\"caption\":\"Metropolia GZM\"},\"image\":{\"@id\":\"https:\\\/\\\/metropoliagzm.pl\\\/en\\\/#\\\/schema\\\/logo\\\/image\\\/\"}},{\"@type\":\"Person\",\"@id\":\"https:\\\/\\\/metropoliagzm.pl\\\/en\\\/#\\\/schema\\\/person\\\/9989523a35d06ccd7af13d71b6d7eb68\",\"name\":\"Zbigniew Anio\u0142\",\"image\":{\"@type\":\"ImageObject\",\"inLanguage\":\"en-GB\",\"@id\":\"https:\\\/\\\/secure.gravatar.com\\\/avatar\\\/fb8a2c90771d8638e142bf824df5d65b3177e66998d527b1cf5a955a29b8458f?s=96&d=mm&r=g\",\"url\":\"https:\\\/\\\/secure.gravatar.com\\\/avatar\\\/fb8a2c90771d8638e142bf824df5d65b3177e66998d527b1cf5a955a29b8458f?s=96&d=mm&r=g\",\"contentUrl\":\"https:\\\/\\\/secure.gravatar.com\\\/avatar\\\/fb8a2c90771d8638e142bf824df5d65b3177e66998d527b1cf5a955a29b8458f?s=96&d=mm&r=g\",\"caption\":\"Zbigniew Anio\u0142\"},\"url\":\"https:\\\/\\\/metropoliagzm.pl\\\/en\\\/author\\\/z-aniol\\\/\"}]}<\/script>\n<!-- \/ Yoast SEO plugin. -->","yoast_head_json":{"title":"Znamy gwiazdy Dni Piekar \u015al\u0105skich 2019 - Metropolia GZM","description":"Oficjalny portal G\u00f3rno\u015bl\u0105sko-Zag\u0142\u0119biowskiej Metropolii","robots":{"index":"index","follow":"follow","max-snippet":"max-snippet:-1","max-image-preview":"max-image-preview:large","max-video-preview":"max-video-preview:-1"},"canonical":"https:\/\/metropoliagzm.pl\/en\/2019\/03\/01\/znamy-gwiazdy-dni-piekar-slaskich-2019\/","twitter_card":"summary_large_image","twitter_title":"Znamy gwiazdy Dni Piekar \u015al\u0105skich 2019 - Metropolia GZM","twitter_description":"Oficjalny portal G\u00f3rno\u015bl\u0105sko-Zag\u0142\u0119biowskiej Metropolii","twitter_image":"https:\/\/metropoliagzm.pl\/wp-content\/uploads\/2019\/04\/Dni-Piekar-\u015al\u0105skich-2019.png","twitter_misc":{"Written by":"Zbigniew Anio\u0142","Estimated reading time":"2 minutes"},"schema":{"@context":"https:\/\/schema.org","@graph":[{"@type":"Article","@id":"https:\/\/metropoliagzm.pl\/en\/2019\/03\/01\/znamy-gwiazdy-dni-piekar-slaskich-2019\/#article","isPartOf":{"@id":"https:\/\/metropoliagzm.pl\/en\/2019\/03\/01\/znamy-gwiazdy-dni-piekar-slaskich-2019\/"},"author":{"name":"Zbigniew Anio\u0142","@id":"https:\/\/metropoliagzm.pl\/en\/#\/schema\/person\/9989523a35d06ccd7af13d71b6d7eb68"},"headline":"Znamy gwiazdy Dni Piekar \u015al\u0105skich 2019","datePublished":"2019-03-01T13:03:51+00:00","dateModified":"2019-05-21T08:33:49+00:00","mainEntityOfPage":{"@id":"https:\/\/metropoliagzm.pl\/en\/2019\/03\/01\/znamy-gwiazdy-dni-piekar-slaskich-2019\/"},"wordCount":433,"publisher":{"@id":"https:\/\/metropoliagzm.pl\/en\/#organization"},"image":{"@id":"https:\/\/metropoliagzm.pl\/en\/2019\/03\/01\/znamy-gwiazdy-dni-piekar-slaskich-2019\/#primaryimage"},"thumbnailUrl":"https:\/\/metropoliagzm.pl\/wp-content\/uploads\/2019\/04\/Dni-Piekar-\u015al\u0105skich-2019.png","keywords":["Dni Piekar \u015al\u0105skich","Piekary \u015al\u0105skie"],"articleSection":["Kultura","Piekary \u015al\u0105skie"],"inLanguage":"en-GB"},{"@type":"WebPage","@id":"https:\/\/metropoliagzm.pl\/en\/2019\/03\/01\/znamy-gwiazdy-dni-piekar-slaskich-2019\/","url":"https:\/\/metropoliagzm.pl\/en\/2019\/03\/01\/znamy-gwiazdy-dni-piekar-slaskich-2019\/","name":"Znamy gwiazdy Dni Piekar \u015al\u0105skich 2019 - Metropolia GZM","isPartOf":{"@id":"https:\/\/metropoliagzm.pl\/en\/#website"},"primaryImageOfPage":{"@id":"https:\/\/metropoliagzm.pl\/en\/2019\/03\/01\/znamy-gwiazdy-dni-piekar-slaskich-2019\/#primaryimage"},"image":{"@id":"https:\/\/metropoliagzm.pl\/en\/2019\/03\/01\/znamy-gwiazdy-dni-piekar-slaskich-2019\/#primaryimage"},"thumbnailUrl":"https:\/\/metropoliagzm.pl\/wp-content\/uploads\/2019\/04\/Dni-Piekar-\u015al\u0105skich-2019.png","datePublished":"2019-03-01T13:03:51+00:00","dateModified":"2019-05-21T08:33:49+00:00","description":"Oficjalny portal G\u00f3rno\u015bl\u0105sko-Zag\u0142\u0119biowskiej Metropolii","breadcrumb":{"@id":"https:\/\/metropoliagzm.pl\/en\/2019\/03\/01\/znamy-gwiazdy-dni-piekar-slaskich-2019\/#breadcrumb"},"inLanguage":"en-GB","potentialAction":[{"@type":"ReadAction","target":["https:\/\/metropoliagzm.pl\/en\/2019\/03\/01\/znamy-gwiazdy-dni-piekar-slaskich-2019\/"]}]},{"@type":"ImageObject","inLanguage":"en-GB","@id":"https:\/\/metropoliagzm.pl\/en\/2019\/03\/01\/znamy-gwiazdy-dni-piekar-slaskich-2019\/#primaryimage","url":"https:\/\/metropoliagzm.pl\/wp-content\/uploads\/2019\/04\/Dni-Piekar-\u015al\u0105skich-2019.png","contentUrl":"https:\/\/metropoliagzm.pl\/wp-content\/uploads\/2019\/04\/Dni-Piekar-\u015al\u0105skich-2019.png","width":1024,"height":486,"caption":"Dni Piekar \u015al\u0105skich w 2019 zaplanowano na 12,13 i 14 lipca\/fot. UM Piekary \u015alaskie"},{"@type":"BreadcrumbList","@id":"https:\/\/metropoliagzm.pl\/en\/2019\/03\/01\/znamy-gwiazdy-dni-piekar-slaskich-2019\/#breadcrumb","itemListElement":[{"@type":"ListItem","position":1,"name":"Strona g\u0142\u00f3wna","item":"https:\/\/metropoliagzm.pl\/"},{"@type":"ListItem","position":2,"name":"Znamy gwiazdy Dni Piekar \u015al\u0105skich 2019"}]},{"@type":"WebSite","@id":"https:\/\/metropoliagzm.pl\/en\/#website","url":"https:\/\/metropoliagzm.pl\/en\/","name":"Metropolia GZM","description":"Oficjalny portal G\u00f3rno\u015bl\u0105sko-Zag\u0142\u0119biowskiej Metropolii","publisher":{"@id":"https:\/\/metropoliagzm.pl\/en\/#organization"},"potentialAction":[{"@type":"SearchAction","target":{"@type":"EntryPoint","urlTemplate":"https:\/\/metropoliagzm.pl\/en\/?s={search_term_string}"},"query-input":{"@type":"PropertyValueSpecification","valueRequired":true,"valueName":"search_term_string"}}],"inLanguage":"en-GB"},{"@type":"Organization","@id":"https:\/\/metropoliagzm.pl\/en\/#organization","name":"Metropolia GZM","url":"https:\/\/metropoliagzm.pl\/en\/","logo":{"@type":"ImageObject","inLanguage":"en-GB","@id":"https:\/\/metropoliagzm.pl\/en\/#\/schema\/logo\/image\/","url":"https:\/\/metropoliagzm.pl\/wp-content\/uploads\/2019\/03\/Sygnet-strona-glowna.png","contentUrl":"https:\/\/metropoliagzm.pl\/wp-content\/uploads\/2019\/03\/Sygnet-strona-glowna.png","width":36,"height":45,"caption":"Metropolia GZM"},"image":{"@id":"https:\/\/metropoliagzm.pl\/en\/#\/schema\/logo\/image\/"}},{"@type":"Person","@id":"https:\/\/metropoliagzm.pl\/en\/#\/schema\/person\/9989523a35d06ccd7af13d71b6d7eb68","name":"Zbigniew Anio\u0142","image":{"@type":"ImageObject","inLanguage":"en-GB","@id":"https:\/\/secure.gravatar.com\/avatar\/fb8a2c90771d8638e142bf824df5d65b3177e66998d527b1cf5a955a29b8458f?s=96&d=mm&r=g","url":"https:\/\/secure.gravatar.com\/avatar\/fb8a2c90771d8638e142bf824df5d65b3177e66998d527b1cf5a955a29b8458f?s=96&d=mm&r=g","contentUrl":"https:\/\/secure.gravatar.com\/avatar\/fb8a2c90771d8638e142bf824df5d65b3177e66998d527b1cf5a955a29b8458f?s=96&d=mm&r=g","caption":"Zbigniew Anio\u0142"},"url":"https:\/\/metropoliagzm.pl\/en\/author\/z-aniol\/"}]}},"_links":{"self":[{"href":"https:\/\/metropoliagzm.pl\/en\/wp-json\/wp\/v2\/posts\/4495","targetHints":{"allow":["GET"]}}],"collection":[{"href":"https:\/\/metropoliagzm.pl\/en\/wp-json\/wp\/v2\/posts"}],"about":[{"href":"https:\/\/metropoliagzm.pl\/en\/wp-json\/wp\/v2\/types\/post"}],"author":[{"embeddable":true,"href":"https:\/\/metropoliagzm.pl\/en\/wp-json\/wp\/v2\/users\/137"}],"replies":[{"embeddable":true,"href":"https:\/\/metropoliagzm.pl\/en\/wp-json\/wp\/v2\/comments?post=4495"}],"version-history":[{"count":2,"href":"https:\/\/metropoliagzm.pl\/en\/wp-json\/wp\/v2\/posts\/4495\/revisions"}],"predecessor-version":[{"id":9991,"href":"https:\/\/metropoliagzm.pl\/en\/wp-json\/wp\/v2\/posts\/4495\/revisions\/9991"}],"wp:featuredmedia":[{"embeddable":true,"href":"https:\/\/metropoliagzm.pl\/en\/wp-json\/wp\/v2\/media\/4497"}],"wp:attachment":[{"href":"https:\/\/metropoliagzm.pl\/en\/wp-json\/wp\/v2\/media?parent=4495"}],"wp:term":[{"taxonomy":"category","embeddable":true,"href":"https:\/\/metropoliagzm.pl\/en\/wp-json\/wp\/v2\/categories?post=4495"},{"taxonomy":"post_tag","embeddable":true,"href":"https:\/\/metropoliagzm.pl\/en\/wp-json\/wp\/v2\/tags?post=4495"}],"curies":[{"name":"wp","href":"https:\/\/api.w.org\/{rel}","templated":true}]}}