{"id":46739,"date":"2025-06-06T11:45:56","date_gmt":"2025-06-06T09:45:56","guid":{"rendered":"https:\/\/metropoliagzm.pl\/?p=46739"},"modified":"2025-06-06T11:47:37","modified_gmt":"2025-06-06T09:47:37","slug":"46739","status":"publish","type":"post","link":"https:\/\/metropoliagzm.pl\/en\/2025\/06\/06\/46739\/","title":{"rendered":"SIM \u015al\u0105sk Lasowice- pierwsi lokatorzy z kluczami!"},"content":{"rendered":"<div class=\"pdf-block\"><div class=\"pdfprnt-buttons  pdfprnt-new pdfprnt-buttons-post pdfprnt-top-right\"><div class=\"jssocials-share jssocials-share-twitter\"><a target=\"_blank\" href=\"https:\/\/twitter.com\/share?url=https:\/\/metropoliagzm.pl\/en\/wp-json\/wp\/v2\/posts\/46739;text=46739\" class=\"jssocials-share-link\"><i class=\"fa fa-twitter jssocials-share-logo\"><\/i><\/a><\/div><div class=\"jssocials-share jssocials-share-facebook\"><a target=\"_blank\" href=\"https:\/\/facebook.com\/sharer\/sharer.php?u=https:\/\/metropoliagzm.pl\/en\/wp-json\/wp\/v2\/posts\/46739\" class=\"jssocials-share-link\"><i class=\"fa fa-facebook jssocials-share-logo\"><\/i><\/a><\/div><div class=\"jssocials-share jssocials-share-pinterest\"><a target=\"_blank\" href=\"https:\/\/pinterest.com\/pin\/create\/bookmarklet\/?&amp;url=https:\/\/metropoliagzm.pl\/en\/wp-json\/wp\/v2\/posts\/46739;description=46739\" class=\"jssocials-share-link\"><i class=\"fa fa-pinterest jssocials-share-logo\"><\/i><\/a><\/div><a href=\"https:\/\/metropoliagzm.pl\/en\/wp-json\/wp\/v2\/posts\/46739?print=pdf\" class=\"pdfprnt-button pdfprnt-button-pdf\" target=\"_blank\"><img decoding=\"async\" src=\"https:\/\/metropoliagzm.pl\/wp-content\/plugins\/pdf-print\/images\/pdf.png\" alt=\"image_pdf\" title=\"View PDF\" \/><\/a><a href=\"https:\/\/metropoliagzm.pl\/en\/wp-json\/wp\/v2\/posts\/46739?print=print\" class=\"pdfprnt-button pdfprnt-button-print\" target=\"_blank\"><img decoding=\"async\" src=\"https:\/\/metropoliagzm.pl\/wp-content\/plugins\/pdf-print\/images\/print.png\" alt=\"image_print\" title=\"Print Content\" \/><\/a><\/div><\/div><div class=\"post-block-pdf\"><div class=\"pdfprnt-buttons pdfprnt-buttons-post pdfprnt-top-right\"><a href=\"https:\/\/metropoliagzm.pl\/en\/wp-json\/wp\/v2\/posts\/46739?print=pdf\" class=\"pdfprnt-button pdfprnt-button-pdf\" target=\"_blank\"><img decoding=\"async\" src=\"https:\/\/metropoliagzm.pl\/wp-content\/plugins\/pdf-print\/images\/pdf.png\" alt=\"image_pdf\" title=\"View PDF\" \/><\/a><a href=\"https:\/\/metropoliagzm.pl\/en\/wp-json\/wp\/v2\/posts\/46739?print=print\" class=\"pdfprnt-button pdfprnt-button-print\" target=\"_blank\"><img decoding=\"async\" src=\"https:\/\/metropoliagzm.pl\/wp-content\/plugins\/pdf-print\/images\/print.png\" alt=\"image_print\" title=\"Print Content\" \/><\/a><\/div><div class=\"article-emp\">\n<p><strong>Adrian Kie\u0142basa i Nikola M\u0142ynek, Julia Gietka i Damian Kulik oraz Piotr Wyrwas to pierwsze osoby, kt\u00f3re odebra\u0142y dzi\u015b klucze do pierwszych trzech mieszka\u0144 wybudowanych przez SIM \u015al\u0105sk w Lasowicach. 122 lokale powsta\u0142y przy ul. Andersa w trzech nowoczesnych blokach.<\/strong><\/p>\n<\/div>\n<div class=\"article-featured\">\n<div class=\"xdj266r x11i5rnm xat24cr x1mh8g0r x1vvkbs x126k92a\">\n<div dir=\"auto\">\u2013 Jestem szcz\u0119\u015bliwy, \u017ce w ko\u0144cu doczeka\u0142em tej chwili. Do tego momentu przygotowa\u0142em od dw\u00f3ch lat. Kafelki i praktycznie ca\u0142e wyposa\u017cenie mam ju\u017c zorganizowane. Teraz tylko troch\u0119 czasu, pracy i mog\u0119 mieszka\u0107! \u2013 cieszy\u0142 si\u0119 Piotr Wyrwas, jeden z najemc\u00f3w, kt\u00f3rzy odebrali dzi\u015b klucze do pierwszych trzech mieszka\u0144, jakie wybudowa\u0142a sp\u00f3\u0142ka\u00a0<span class=\"html-span xdj266r x11i5rnm xat24cr x1mh8g0r xexx8yu x4uap5 x18d9i69 xkhd6sd x1hl2dhg x16tdsg8 x1vvkbs\"><span class=\"xt0psk2\"><span class=\"xjp7ctv\">SIM \u015al\u0105sk<\/span><\/span>\u00a0<\/span>w Lasowicach.<\/div>\n<p dir=\"auto\">Lokale przy ul. Andersa maj\u0105 powierzchni\u0119 od 38 do 68 m\u00b2 . Wszystkie maj\u0105 kom\u00f3rki lokatorskie, naziemne oraz podziemne miejsca postojowe, obok blok\u00f3w s\u0105 boiska i plac zabaw. Inwestycja zosta\u0142a uko\u0144czona po czterech latach od podpisania um\u00f3w o utworzeniu Spo\u0142ecznej Inicjatywy Mieszkaniowej \u015al\u0105sk. Cztery miesi\u0105ce przed terminem.<\/p>\n<\/div>\n<div class=\"x11i5rnm xat24cr x1mh8g0r x1vvkbs xtlvy1s x126k92a\">\n<div dir=\"auto\">\u2013 Nic si\u0119 na tutaj nie uda\u0142o, bo po prostu wszystko sz\u0142o zgodnie z planem \u2013 wyja\u015bni\u0142a Alina Wado\u0144, prezeska SIM \u015al\u0105sk, kt\u00f3ra jest jedn\u0105 z kilkudziesi\u0119ciu podobnych sp\u00f3\u0142ek w ca\u0142ym kraju. Tak du\u017c\u0105 inwestycj\u0119 spo\u015br\u00f3d nich \u201enasz\u201d SIM, tworzony przez miasto Tarnowskie G\u00f3ry, Zabrze, \u015awietoch\u0142owice i Chorz\u00f3w uko\u0144czy\u0142 jako pierwszy.<\/div>\n<p dir=\"auto\">\u2013 \u017badne podzi\u0119kowania nie b\u0119d\u0105 wystarczaj\u0105ce. Wasze dzie\u0142o, jego szybko\u015b\u0107, sprawno\u015b\u0107 i jako\u015b wykonania powinni ogl\u0105da\u0107 szefowie wszystkich SIM-\u00f3w w Polsce \u2013 gratulowa\u0142 \u015bwietnej roboty\u00a0<span class=\"html-span xdj266r x11i5rnm xat24cr x1mh8g0r xexx8yu x4uap5 x18d9i69 xkhd6sd x1hl2dhg x16tdsg8 x1vvkbs\"><span class=\"xt0psk2\"><span class=\"xjp7ctv\">Arkadiusz Czech \u2013 burmistrz Tarnowskich G\u00f3r<\/span><\/span><\/span>\u00a0wskazuj\u0105c, \u017ce tak wielk\u0105 inwestycj\u0119 od zera uda\u0142o si\u0119 wykona\u0107 sp\u00f3\u0142ce zatrudniaj\u0105cej na sta\u0142e zaledwie sze\u015b\u0107 os\u00f3b!<\/p>\n<\/div>\n<div class=\"x11i5rnm xat24cr x1mh8g0r x1vvkbs xtlvy1s x126k92a\">\n<div dir=\"auto\">Budowa trzech budynk\u00f3w to jedna z wi\u0119kszych inwestycji mieszkaniowych w mie\u015bcie w ostatnim dziesi\u0119cioleciu, a zarazem r\u00f3wnie\u017c i pierwsza, kt\u00f3r\u0105 zrealizowa\u0142a sp\u00f3\u0142ka SIM \u015al\u0105sk i pierwsza tak du\u017ca w kraju.<\/div>\n<div dir=\"auto\">Kolejne trzy s\u0105 trakcie realizacji w Chorzowie, Zabrzu i \u015awi\u0119toch\u0142owicach.<\/div>\n<p dir=\"auto\">Wszystkie mieszkania zosta\u0142y wybudowane w standardzie \u201epod klucz\u201d. Oznacza to, \u017ce nowi najemcy mog\u0105 wprowadza\u0107 si\u0119 do swoich lokali praktycznie od razu po przekazaniu kluczy przez inwestora, bez konieczno\u015bci przeprowadzenia dodatkowych prac wyko\u0144czeniowych i remont\u00f3w.<\/p>\n<\/div>\n<div class=\"x11i5rnm xat24cr x1mh8g0r x1vvkbs xtlvy1s x126k92a\">\n<div dir=\"auto\">\u2013 My ju\u017c trzeciego czerwca odbieramy meble kuchenne \u2013 zdradzili Nikola M\u0142ynek i Adrian Kie\u0142basa, kt\u00f3rzy swoje mieszkania planuj\u0105 pomalowa\u0107 na jaskrawe kolory, a ju\u017c dzi\u015b zamierzaj\u0105 zwozi\u0107 do mieszkania swoje rzeczy. Czego im \u017cyczy\u0107 na nowym miejscu?<\/div>\n<div dir=\"auto\">\u2013 Mi\u0142o\u015bci i szcz\u0119\u015bcia \u2013 mieszkanie ju\u017c mamy! \u2013 powiedzieli m\u0142odzi ludzie, kt\u00f3rzy mieszkaj\u0105 obecnie na Osadzie Jana, a w Lasowicach zajm\u0105 wkr\u00f3tce trzy pokoje z powierzchni 68 metr\u00f3w.<\/div>\n<p dir=\"auto\">Podobne lokum zajm\u0105 Damian Kulik z Tarnowskich G\u00f3r i Julia Gietka z Rudy \u015al\u0105skiej. Razem z nimi wprowadzi si\u0119 jamnik Serdelek. Opr\u00f3cz mieszkania z ogromnym tarasem i pi\u0119knym widokiem na pewno spodoba mu si\u0119 wybudowany w\u0142a\u015bnie wybieg dla ps\u00f3w. Wn\u0119trze b\u0119dzie urz\u0105dzone w stylu loftowym. W ich przypadku urz\u0105dzanie ma zacz\u0105\u0107 si\u0119 natychmiast.<\/p>\n<\/div>\n<div class=\"x11i5rnm xat24cr x1mh8g0r x1vvkbs xtlvy1s x126k92a\">\n<div dir=\"auto\">\u2013 Nie ma na co czeka\u0107 \u2013 wkr\u00f3tce zapraszamy na parapet\u00f3w\u0119! \u2013 powiedzieli u\u015bmiechni\u0119ci.<\/div>\n<p dir=\"auto\">W 2017 roku w s\u0105siedztwie uko\u0144czonych w\u0142a\u015bnie budynk\u00f3w miasto wybudowa\u0142o dwa bloki z 72 mieszkaniami. na tym jednak nie koniec. SIM na dzia\u0142ce przekazanej przez gmin\u0119 Tarnowskie G\u00f3ry ma plan wybudowa\u0107 kolejnych 80 lokali.<\/p>\n<p dir=\"auto\">\u0179r\u00f3d\u0142o: UM Tarnowskie G\u00f3ry<\/p>\n<\/div>\n<\/div>\n<div class=\"post-author\" style=\"font-size:13px\">Micha\u0142 Nowak<\/div><\/div>","protected":false},"excerpt":{"rendered":"<p>Adrian Kie\u0142basa i Nikola M\u0142ynek, Julia Gietka i Damian Kulik oraz Piotr Wyrwas to pierwsze osoby, kt\u00f3re odebra\u0142y dzi\u015b klucze do pierwszych trzech mieszka\u0144 wybudowanych przez SIM \u015al\u0105sk w Lasowicach. 122 lokale powsta\u0142y przy ul. Andersa w trzech nowoczesnych blokach. \u2013 Jestem szcz\u0119\u015bliwy, \u017ce w&#8230;<\/p>","protected":false},"author":134,"featured_media":46740,"comment_status":"closed","ping_status":"closed","sticky":false,"template":"","format":"standard","meta":{"_acf_changed":false,"footnotes":""},"categories":[239,230],"tags":[722],"class_list":["post-46739","post","type-post","status-publish","format-standard","has-post-thumbnail","hentry","category-gospodarka-i-inwestycje","category-tarnowskie-gory","tag-tarnowskie-gory"],"acf":[],"yoast_head":"<!-- This site is optimized with the Yoast SEO plugin v27.4 - https:\/\/yoast.com\/product\/yoast-seo-wordpress\/ -->\n<title>SIM \u015al\u0105sk Lasowice- pierwsi lokatorzy z kluczami! - Metropolia GZM<\/title>\n<meta name=\"description\" content=\"Oficjalny portal G\u00f3rno\u015bl\u0105sko-Zag\u0142\u0119biowskiej Metropolii\" \/>\n<meta name=\"robots\" content=\"index, follow, max-snippet:-1, max-image-preview:large, max-video-preview:-1\" \/>\n<link rel=\"canonical\" href=\"https:\/\/metropoliagzm.pl\/en\/2025\/06\/06\/46739\/\" \/>\n<meta name=\"twitter:card\" content=\"summary_large_image\" \/>\n<meta name=\"twitter:title\" content=\"SIM \u015al\u0105sk Lasowice- pierwsi lokatorzy z kluczami! - Metropolia GZM\" \/>\n<meta name=\"twitter:description\" content=\"Oficjalny portal G\u00f3rno\u015bl\u0105sko-Zag\u0142\u0119biowskiej Metropolii\" \/>\n<meta name=\"twitter:image\" content=\"https:\/\/metropoliagzm.pl\/wp-content\/uploads\/2025\/06\/WhatsApp-Image-2025-05-29-at-12.48.42-3-1.jpeg\" \/>\n<meta name=\"twitter:label1\" content=\"Written by\" \/>\n\t<meta name=\"twitter:data1\" content=\"Micha\u0142 Nowak\" \/>\n\t<meta name=\"twitter:label2\" content=\"Estimated reading time\" \/>\n\t<meta name=\"twitter:data2\" content=\"4 minutes\" \/>\n<script type=\"application\/ld+json\" class=\"yoast-schema-graph\">{\"@context\":\"https:\\\/\\\/schema.org\",\"@graph\":[{\"@type\":\"Article\",\"@id\":\"https:\\\/\\\/metropoliagzm.pl\\\/2025\\\/06\\\/06\\\/46739\\\/#article\",\"isPartOf\":{\"@id\":\"https:\\\/\\\/metropoliagzm.pl\\\/2025\\\/06\\\/06\\\/46739\\\/\"},\"author\":{\"name\":\"Micha\u0142 Nowak\",\"@id\":\"https:\\\/\\\/metropoliagzm.pl\\\/en\\\/#\\\/schema\\\/person\\\/9e7660ba27bc92881ef16c6fc34ae962\"},\"headline\":\"SIM \u015al\u0105sk Lasowice- pierwsi lokatorzy z kluczami!\",\"datePublished\":\"2025-06-06T09:45:56+00:00\",\"dateModified\":\"2025-06-06T09:47:37+00:00\",\"mainEntityOfPage\":{\"@id\":\"https:\\\/\\\/metropoliagzm.pl\\\/2025\\\/06\\\/06\\\/46739\\\/\"},\"wordCount\":579,\"publisher\":{\"@id\":\"https:\\\/\\\/metropoliagzm.pl\\\/en\\\/#organization\"},\"image\":{\"@id\":\"https:\\\/\\\/metropoliagzm.pl\\\/2025\\\/06\\\/06\\\/46739\\\/#primaryimage\"},\"thumbnailUrl\":\"https:\\\/\\\/metropoliagzm.pl\\\/wp-content\\\/uploads\\\/2025\\\/06\\\/WhatsApp-Image-2025-05-29-at-12.48.42-3-1.jpeg\",\"keywords\":[\"Tarnowskie G\u00f3ry\"],\"articleSection\":[\"Gospodarka i Inwestycje\",\"Tarnowskie G\u00f3ry\"],\"inLanguage\":\"en-GB\"},{\"@type\":\"WebPage\",\"@id\":\"https:\\\/\\\/metropoliagzm.pl\\\/2025\\\/06\\\/06\\\/46739\\\/\",\"url\":\"https:\\\/\\\/metropoliagzm.pl\\\/2025\\\/06\\\/06\\\/46739\\\/\",\"name\":\"SIM \u015al\u0105sk Lasowice- pierwsi lokatorzy z kluczami! - Metropolia GZM\",\"isPartOf\":{\"@id\":\"https:\\\/\\\/metropoliagzm.pl\\\/en\\\/#website\"},\"primaryImageOfPage\":{\"@id\":\"https:\\\/\\\/metropoliagzm.pl\\\/2025\\\/06\\\/06\\\/46739\\\/#primaryimage\"},\"image\":{\"@id\":\"https:\\\/\\\/metropoliagzm.pl\\\/2025\\\/06\\\/06\\\/46739\\\/#primaryimage\"},\"thumbnailUrl\":\"https:\\\/\\\/metropoliagzm.pl\\\/wp-content\\\/uploads\\\/2025\\\/06\\\/WhatsApp-Image-2025-05-29-at-12.48.42-3-1.jpeg\",\"datePublished\":\"2025-06-06T09:45:56+00:00\",\"dateModified\":\"2025-06-06T09:47:37+00:00\",\"description\":\"Oficjalny portal G\u00f3rno\u015bl\u0105sko-Zag\u0142\u0119biowskiej Metropolii\",\"breadcrumb\":{\"@id\":\"https:\\\/\\\/metropoliagzm.pl\\\/2025\\\/06\\\/06\\\/46739\\\/#breadcrumb\"},\"inLanguage\":\"en-GB\",\"potentialAction\":[{\"@type\":\"ReadAction\",\"target\":[\"https:\\\/\\\/metropoliagzm.pl\\\/2025\\\/06\\\/06\\\/46739\\\/\"]}]},{\"@type\":\"ImageObject\",\"inLanguage\":\"en-GB\",\"@id\":\"https:\\\/\\\/metropoliagzm.pl\\\/2025\\\/06\\\/06\\\/46739\\\/#primaryimage\",\"url\":\"https:\\\/\\\/metropoliagzm.pl\\\/wp-content\\\/uploads\\\/2025\\\/06\\\/WhatsApp-Image-2025-05-29-at-12.48.42-3-1.jpeg\",\"contentUrl\":\"https:\\\/\\\/metropoliagzm.pl\\\/wp-content\\\/uploads\\\/2025\\\/06\\\/WhatsApp-Image-2025-05-29-at-12.48.42-3-1.jpeg\",\"width\":1600,\"height\":1200,\"caption\":\"Fot. UM Tarnowskie G\u00f3ry\"},{\"@type\":\"BreadcrumbList\",\"@id\":\"https:\\\/\\\/metropoliagzm.pl\\\/2025\\\/06\\\/06\\\/46739\\\/#breadcrumb\",\"itemListElement\":[{\"@type\":\"ListItem\",\"position\":1,\"name\":\"Strona g\u0142\u00f3wna\",\"item\":\"https:\\\/\\\/metropoliagzm.pl\\\/\"},{\"@type\":\"ListItem\",\"position\":2,\"name\":\"SIM \u015al\u0105sk Lasowice- pierwsi lokatorzy z kluczami!\"}]},{\"@type\":\"WebSite\",\"@id\":\"https:\\\/\\\/metropoliagzm.pl\\\/en\\\/#website\",\"url\":\"https:\\\/\\\/metropoliagzm.pl\\\/en\\\/\",\"name\":\"Metropolia GZM\",\"description\":\"Oficjalny portal G\u00f3rno\u015bl\u0105sko-Zag\u0142\u0119biowskiej Metropolii\",\"publisher\":{\"@id\":\"https:\\\/\\\/metropoliagzm.pl\\\/en\\\/#organization\"},\"potentialAction\":[{\"@type\":\"SearchAction\",\"target\":{\"@type\":\"EntryPoint\",\"urlTemplate\":\"https:\\\/\\\/metropoliagzm.pl\\\/en\\\/?s={search_term_string}\"},\"query-input\":{\"@type\":\"PropertyValueSpecification\",\"valueRequired\":true,\"valueName\":\"search_term_string\"}}],\"inLanguage\":\"en-GB\"},{\"@type\":\"Organization\",\"@id\":\"https:\\\/\\\/metropoliagzm.pl\\\/en\\\/#organization\",\"name\":\"Metropolia GZM\",\"url\":\"https:\\\/\\\/metropoliagzm.pl\\\/en\\\/\",\"logo\":{\"@type\":\"ImageObject\",\"inLanguage\":\"en-GB\",\"@id\":\"https:\\\/\\\/metropoliagzm.pl\\\/en\\\/#\\\/schema\\\/logo\\\/image\\\/\",\"url\":\"https:\\\/\\\/metropoliagzm.pl\\\/wp-content\\\/uploads\\\/2019\\\/03\\\/Sygnet-strona-glowna.png\",\"contentUrl\":\"https:\\\/\\\/metropoliagzm.pl\\\/wp-content\\\/uploads\\\/2019\\\/03\\\/Sygnet-strona-glowna.png\",\"width\":36,\"height\":45,\"caption\":\"Metropolia GZM\"},\"image\":{\"@id\":\"https:\\\/\\\/metropoliagzm.pl\\\/en\\\/#\\\/schema\\\/logo\\\/image\\\/\"}},{\"@type\":\"Person\",\"@id\":\"https:\\\/\\\/metropoliagzm.pl\\\/en\\\/#\\\/schema\\\/person\\\/9e7660ba27bc92881ef16c6fc34ae962\",\"name\":\"Micha\u0142 Nowak\",\"image\":{\"@type\":\"ImageObject\",\"inLanguage\":\"en-GB\",\"@id\":\"https:\\\/\\\/secure.gravatar.com\\\/avatar\\\/2d51f070ccac4989b201dc1a42c3a6d46ff007fc5e569ff280535ab8e8122a59?s=96&d=mm&r=g\",\"url\":\"https:\\\/\\\/secure.gravatar.com\\\/avatar\\\/2d51f070ccac4989b201dc1a42c3a6d46ff007fc5e569ff280535ab8e8122a59?s=96&d=mm&r=g\",\"contentUrl\":\"https:\\\/\\\/secure.gravatar.com\\\/avatar\\\/2d51f070ccac4989b201dc1a42c3a6d46ff007fc5e569ff280535ab8e8122a59?s=96&d=mm&r=g\",\"caption\":\"Micha\u0142 Nowak\"},\"url\":\"https:\\\/\\\/metropoliagzm.pl\\\/en\\\/author\\\/michal-nowak\\\/\"}]}<\/script>\n<!-- \/ Yoast SEO plugin. -->","yoast_head_json":{"title":"SIM \u015al\u0105sk Lasowice- pierwsi lokatorzy z kluczami! - Metropolia GZM","description":"Oficjalny portal G\u00f3rno\u015bl\u0105sko-Zag\u0142\u0119biowskiej Metropolii","robots":{"index":"index","follow":"follow","max-snippet":"max-snippet:-1","max-image-preview":"max-image-preview:large","max-video-preview":"max-video-preview:-1"},"canonical":"https:\/\/metropoliagzm.pl\/en\/2025\/06\/06\/46739\/","twitter_card":"summary_large_image","twitter_title":"SIM \u015al\u0105sk Lasowice- pierwsi lokatorzy z kluczami! - Metropolia GZM","twitter_description":"Oficjalny portal G\u00f3rno\u015bl\u0105sko-Zag\u0142\u0119biowskiej Metropolii","twitter_image":"https:\/\/metropoliagzm.pl\/wp-content\/uploads\/2025\/06\/WhatsApp-Image-2025-05-29-at-12.48.42-3-1.jpeg","twitter_misc":{"Written by":"Micha\u0142 Nowak","Estimated reading time":"4 minutes"},"schema":{"@context":"https:\/\/schema.org","@graph":[{"@type":"Article","@id":"https:\/\/metropoliagzm.pl\/2025\/06\/06\/46739\/#article","isPartOf":{"@id":"https:\/\/metropoliagzm.pl\/2025\/06\/06\/46739\/"},"author":{"name":"Micha\u0142 Nowak","@id":"https:\/\/metropoliagzm.pl\/en\/#\/schema\/person\/9e7660ba27bc92881ef16c6fc34ae962"},"headline":"SIM \u015al\u0105sk Lasowice- pierwsi lokatorzy z kluczami!","datePublished":"2025-06-06T09:45:56+00:00","dateModified":"2025-06-06T09:47:37+00:00","mainEntityOfPage":{"@id":"https:\/\/metropoliagzm.pl\/2025\/06\/06\/46739\/"},"wordCount":579,"publisher":{"@id":"https:\/\/metropoliagzm.pl\/en\/#organization"},"image":{"@id":"https:\/\/metropoliagzm.pl\/2025\/06\/06\/46739\/#primaryimage"},"thumbnailUrl":"https:\/\/metropoliagzm.pl\/wp-content\/uploads\/2025\/06\/WhatsApp-Image-2025-05-29-at-12.48.42-3-1.jpeg","keywords":["Tarnowskie G\u00f3ry"],"articleSection":["Gospodarka i Inwestycje","Tarnowskie G\u00f3ry"],"inLanguage":"en-GB"},{"@type":"WebPage","@id":"https:\/\/metropoliagzm.pl\/2025\/06\/06\/46739\/","url":"https:\/\/metropoliagzm.pl\/2025\/06\/06\/46739\/","name":"SIM \u015al\u0105sk Lasowice- pierwsi lokatorzy z kluczami! - Metropolia GZM","isPartOf":{"@id":"https:\/\/metropoliagzm.pl\/en\/#website"},"primaryImageOfPage":{"@id":"https:\/\/metropoliagzm.pl\/2025\/06\/06\/46739\/#primaryimage"},"image":{"@id":"https:\/\/metropoliagzm.pl\/2025\/06\/06\/46739\/#primaryimage"},"thumbnailUrl":"https:\/\/metropoliagzm.pl\/wp-content\/uploads\/2025\/06\/WhatsApp-Image-2025-05-29-at-12.48.42-3-1.jpeg","datePublished":"2025-06-06T09:45:56+00:00","dateModified":"2025-06-06T09:47:37+00:00","description":"Oficjalny portal G\u00f3rno\u015bl\u0105sko-Zag\u0142\u0119biowskiej Metropolii","breadcrumb":{"@id":"https:\/\/metropoliagzm.pl\/2025\/06\/06\/46739\/#breadcrumb"},"inLanguage":"en-GB","potentialAction":[{"@type":"ReadAction","target":["https:\/\/metropoliagzm.pl\/2025\/06\/06\/46739\/"]}]},{"@type":"ImageObject","inLanguage":"en-GB","@id":"https:\/\/metropoliagzm.pl\/2025\/06\/06\/46739\/#primaryimage","url":"https:\/\/metropoliagzm.pl\/wp-content\/uploads\/2025\/06\/WhatsApp-Image-2025-05-29-at-12.48.42-3-1.jpeg","contentUrl":"https:\/\/metropoliagzm.pl\/wp-content\/uploads\/2025\/06\/WhatsApp-Image-2025-05-29-at-12.48.42-3-1.jpeg","width":1600,"height":1200,"caption":"Fot. UM Tarnowskie G\u00f3ry"},{"@type":"BreadcrumbList","@id":"https:\/\/metropoliagzm.pl\/2025\/06\/06\/46739\/#breadcrumb","itemListElement":[{"@type":"ListItem","position":1,"name":"Strona g\u0142\u00f3wna","item":"https:\/\/metropoliagzm.pl\/"},{"@type":"ListItem","position":2,"name":"SIM \u015al\u0105sk Lasowice- pierwsi lokatorzy z kluczami!"}]},{"@type":"WebSite","@id":"https:\/\/metropoliagzm.pl\/en\/#website","url":"https:\/\/metropoliagzm.pl\/en\/","name":"Metropolia GZM","description":"Oficjalny portal G\u00f3rno\u015bl\u0105sko-Zag\u0142\u0119biowskiej Metropolii","publisher":{"@id":"https:\/\/metropoliagzm.pl\/en\/#organization"},"potentialAction":[{"@type":"SearchAction","target":{"@type":"EntryPoint","urlTemplate":"https:\/\/metropoliagzm.pl\/en\/?s={search_term_string}"},"query-input":{"@type":"PropertyValueSpecification","valueRequired":true,"valueName":"search_term_string"}}],"inLanguage":"en-GB"},{"@type":"Organization","@id":"https:\/\/metropoliagzm.pl\/en\/#organization","name":"Metropolia GZM","url":"https:\/\/metropoliagzm.pl\/en\/","logo":{"@type":"ImageObject","inLanguage":"en-GB","@id":"https:\/\/metropoliagzm.pl\/en\/#\/schema\/logo\/image\/","url":"https:\/\/metropoliagzm.pl\/wp-content\/uploads\/2019\/03\/Sygnet-strona-glowna.png","contentUrl":"https:\/\/metropoliagzm.pl\/wp-content\/uploads\/2019\/03\/Sygnet-strona-glowna.png","width":36,"height":45,"caption":"Metropolia GZM"},"image":{"@id":"https:\/\/metropoliagzm.pl\/en\/#\/schema\/logo\/image\/"}},{"@type":"Person","@id":"https:\/\/metropoliagzm.pl\/en\/#\/schema\/person\/9e7660ba27bc92881ef16c6fc34ae962","name":"Micha\u0142 Nowak","image":{"@type":"ImageObject","inLanguage":"en-GB","@id":"https:\/\/secure.gravatar.com\/avatar\/2d51f070ccac4989b201dc1a42c3a6d46ff007fc5e569ff280535ab8e8122a59?s=96&d=mm&r=g","url":"https:\/\/secure.gravatar.com\/avatar\/2d51f070ccac4989b201dc1a42c3a6d46ff007fc5e569ff280535ab8e8122a59?s=96&d=mm&r=g","contentUrl":"https:\/\/secure.gravatar.com\/avatar\/2d51f070ccac4989b201dc1a42c3a6d46ff007fc5e569ff280535ab8e8122a59?s=96&d=mm&r=g","caption":"Micha\u0142 Nowak"},"url":"https:\/\/metropoliagzm.pl\/en\/author\/michal-nowak\/"}]}},"_links":{"self":[{"href":"https:\/\/metropoliagzm.pl\/en\/wp-json\/wp\/v2\/posts\/46739","targetHints":{"allow":["GET"]}}],"collection":[{"href":"https:\/\/metropoliagzm.pl\/en\/wp-json\/wp\/v2\/posts"}],"about":[{"href":"https:\/\/metropoliagzm.pl\/en\/wp-json\/wp\/v2\/types\/post"}],"author":[{"embeddable":true,"href":"https:\/\/metropoliagzm.pl\/en\/wp-json\/wp\/v2\/users\/134"}],"replies":[{"embeddable":true,"href":"https:\/\/metropoliagzm.pl\/en\/wp-json\/wp\/v2\/comments?post=46739"}],"version-history":[{"count":2,"href":"https:\/\/metropoliagzm.pl\/en\/wp-json\/wp\/v2\/posts\/46739\/revisions"}],"predecessor-version":[{"id":46742,"href":"https:\/\/metropoliagzm.pl\/en\/wp-json\/wp\/v2\/posts\/46739\/revisions\/46742"}],"wp:featuredmedia":[{"embeddable":true,"href":"https:\/\/metropoliagzm.pl\/en\/wp-json\/wp\/v2\/media\/46740"}],"wp:attachment":[{"href":"https:\/\/metropoliagzm.pl\/en\/wp-json\/wp\/v2\/media?parent=46739"}],"wp:term":[{"taxonomy":"category","embeddable":true,"href":"https:\/\/metropoliagzm.pl\/en\/wp-json\/wp\/v2\/categories?post=46739"},{"taxonomy":"post_tag","embeddable":true,"href":"https:\/\/metropoliagzm.pl\/en\/wp-json\/wp\/v2\/tags?post=46739"}],"curies":[{"name":"wp","href":"https:\/\/api.w.org\/{rel}","templated":true}]}}