{"id":48297,"date":"2026-04-27T11:01:07","date_gmt":"2026-04-27T09:01:07","guid":{"rendered":"https:\/\/metropoliagzm.pl\/?p=48297"},"modified":"2026-04-27T11:01:46","modified_gmt":"2026-04-27T09:01:46","slug":"metropolia-przyspiesza-termomodernizacje-budynkow-komunalnych","status":"publish","type":"post","link":"https:\/\/metropoliagzm.pl\/en\/2026\/04\/27\/metropolia-przyspiesza-termomodernizacje-budynkow-komunalnych\/","title":{"rendered":"Metropolia przyspiesza termomodernizacj\u0119 budynk\u00f3w komunalnych"},"content":{"rendered":"<div class=\"pdf-block\"><div class=\"pdfprnt-buttons  pdfprnt-new pdfprnt-buttons-post pdfprnt-top-right\"><div class=\"jssocials-share jssocials-share-twitter\"><a target=\"_blank\" href=\"https:\/\/twitter.com\/share?url=https:\/\/metropoliagzm.pl\/en\/wp-json\/wp\/v2\/posts\/48297;text=48297\" class=\"jssocials-share-link\"><i class=\"fa fa-twitter jssocials-share-logo\"><\/i><\/a><\/div><div class=\"jssocials-share jssocials-share-facebook\"><a target=\"_blank\" href=\"https:\/\/facebook.com\/sharer\/sharer.php?u=https:\/\/metropoliagzm.pl\/en\/wp-json\/wp\/v2\/posts\/48297\" class=\"jssocials-share-link\"><i class=\"fa fa-facebook jssocials-share-logo\"><\/i><\/a><\/div><div class=\"jssocials-share jssocials-share-pinterest\"><a target=\"_blank\" href=\"https:\/\/pinterest.com\/pin\/create\/bookmarklet\/?&amp;url=https:\/\/metropoliagzm.pl\/en\/wp-json\/wp\/v2\/posts\/48297;description=48297\" class=\"jssocials-share-link\"><i class=\"fa fa-pinterest jssocials-share-logo\"><\/i><\/a><\/div><a href=\"https:\/\/metropoliagzm.pl\/en\/wp-json\/wp\/v2\/posts\/48297?print=pdf\" class=\"pdfprnt-button pdfprnt-button-pdf\" target=\"_blank\"><img decoding=\"async\" src=\"https:\/\/metropoliagzm.pl\/wp-content\/plugins\/pdf-print\/images\/pdf.png\" alt=\"image_pdf\" title=\"View PDF\" \/><\/a><a href=\"https:\/\/metropoliagzm.pl\/en\/wp-json\/wp\/v2\/posts\/48297?print=print\" class=\"pdfprnt-button pdfprnt-button-print\" target=\"_blank\"><img decoding=\"async\" src=\"https:\/\/metropoliagzm.pl\/wp-content\/plugins\/pdf-print\/images\/print.png\" alt=\"image_print\" title=\"Print Content\" \/><\/a><\/div><\/div><div class=\"post-block-pdf\"><div class=\"pdfprnt-buttons pdfprnt-buttons-post pdfprnt-top-right\"><a href=\"https:\/\/metropoliagzm.pl\/en\/wp-json\/wp\/v2\/posts\/48297?print=pdf\" class=\"pdfprnt-button pdfprnt-button-pdf\" target=\"_blank\"><img decoding=\"async\" src=\"https:\/\/metropoliagzm.pl\/wp-content\/plugins\/pdf-print\/images\/pdf.png\" alt=\"image_pdf\" title=\"View PDF\" \/><\/a><a href=\"https:\/\/metropoliagzm.pl\/en\/wp-json\/wp\/v2\/posts\/48297?print=print\" class=\"pdfprnt-button pdfprnt-button-print\" target=\"_blank\"><img decoding=\"async\" src=\"https:\/\/metropoliagzm.pl\/wp-content\/plugins\/pdf-print\/images\/print.png\" alt=\"image_print\" title=\"Print Content\" \/><\/a><\/div><p data-path-to-node=\"4\"><strong>G\u00f3rno\u015bl\u0105sko-Zag\u0142\u0119biowska Metropolia\u00a0 realizuje kolejny etap projektu \u201ePoprawa efektywno\u015bci energetycznej w budynkach wielorodzinnych na terenie GZM \u2013 Program ELENA\u201d. Kompleksow\u0105 dokumentacj\u0119 projektowo-techniczn\u0105 otrzyma\u0142o ju\u017c \u0142\u0105cznie 46 budynk\u00f3w komunalnych z terenu 11 gmin cz\u0142onkowskich. Inicjatywa, wspierana przez Europejski Bank Inwestycyjny (EBI), otwiera drog\u0119 do szeroko zakrojonych inwestycji zaplanowanych na 2027 rok.<\/strong><\/p>\n<p data-path-to-node=\"6\">Realizowany od 2024 roku projekt ELENA to strategiczne przedsi\u0119wzi\u0119cie GZM, kt\u00f3rego celem jest kompleksowe przygotowanie samorz\u0105d\u00f3w do g\u0142\u0119bokiej termomodernizacji zasob\u00f3w mieszkaniowych. Ca\u0142kowity koszt programu wynosi 2 125 000 euro. Mechanizm finansowania opiera si\u0119 na monta\u017cu finansowym, w kt\u00f3rym:<\/p>\n<ul data-path-to-node=\"7\">\n<li>\n<p data-path-to-node=\"7,0,0\">90% koszt\u00f3w kwalifikowanych pokrywa dofinansowanie z Europejskiego Banku Inwestycyjnego;<\/p>\n<\/li>\n<li>\n<p data-path-to-node=\"7,1,0\">pozosta\u0142\u0105 cz\u0119\u015b\u0107 stanowi\u0105 \u015brodki w\u0142asne gmin, znacz\u0105co wsparte dotacj\u0105 z bud\u017cetu GZM w wysoko\u015bci blisko 3 mln z\u0142.<\/p>\n<\/li>\n<\/ul>\n<p data-path-to-node=\"9\">W ostatnim czasie GZM przekaza\u0142a dokumentacj\u0119 dla kolejnych 20 budynk\u00f3w. Sumuj\u0105c to z wynikami z ubieg\u0142ego roku (26 budynk\u00f3w), gotowy pakiet opracowa\u0144 technicznych posiada ju\u017c 46 obiekt\u00f3w w takich miastach jak: Bieru\u0144, Czelad\u017a, Chorz\u00f3w, Tychy, Siewierz, Katowice, Piekary \u015al\u0105skie, Pyskowice, \u015awierklaniec, Radzionk\u00f3w oraz Rudziniec.<\/p>\n<p data-path-to-node=\"10\">Docelowo wsparciem zostanie obj\u0119tych 136 budynk\u00f3w zg\u0142oszonych przez 15 partnerskich gmin.<\/p>\n<p data-path-to-node=\"12\">Przygotowywana dokumentacja jest niezb\u0119dnym warunkiem do rozpocz\u0119cia prac budowlanych w 2027 roku. G\u0142\u00f3wnym za\u0142o\u017ceniem planowanych inwestycji jest:<\/p>\n<ul data-path-to-node=\"13\">\n<li>\n<p data-path-to-node=\"13,0,0\">Poprawa efektywno\u015bci energetycznej w komunalnych budynkach wielorodzinnych.<\/p>\n<\/li>\n<li>\n<p data-path-to-node=\"13,1,0\">Redukcja emisji CO\u2082 o co najmniej 30% wzgl\u0119dem stanu pierwotnego.<\/p>\n<\/li>\n<\/ul>\n<p data-path-to-node=\"15\">G\u00f3rno\u015bl\u0105sko-Zag\u0142\u0119biowska Metropolia, pe\u0142ni\u0105c rol\u0119 lidera projektu, zapewnia gminom kompleksow\u0105 pomoc. Samorz\u0105dy mog\u0105 liczy\u0107 na doradztwo specjalistyczne, przygotowanie profesjonalnych opracowa\u0144 technicznych oraz wsparcie w procesie aplikowania o zewn\u0119trzne \u015brodki finansowe na realizacj\u0119 rob\u00f3t budowlanych.<\/p>\n<p data-path-to-node=\"16\">Partnerzy projektu: W programie ELENA uczestniczy 15 gmin Metropolii: B\u0119dzin, Bieru\u0144, Czelad\u017a, Chorz\u00f3w, Katowice, Piekary \u015al\u0105skie, Pyskowice, Radzionk\u00f3w, Rudziniec, Siewierz, \u015awierklaniec, So\u015bnicowice, Tarnowskie G\u00f3ry, Tychy oraz Zbros\u0142awice.<\/p>\n<div class=\"post-author\" style=\"font-size:13px\">Micha\u0142 Nowak<\/div><\/div>","protected":false},"excerpt":{"rendered":"<p>G\u00f3rno\u015bl\u0105sko-Zag\u0142\u0119biowska Metropolia\u00a0 realizuje kolejny etap projektu \u201ePoprawa efektywno\u015bci energetycznej w budynkach wielorodzinnych na terenie GZM \u2013 Program ELENA\u201d. Kompleksow\u0105 dokumentacj\u0119 projektowo-techniczn\u0105 otrzyma\u0142o ju\u017c \u0142\u0105cznie 46 budynk\u00f3w komunalnych z terenu 11 gmin cz\u0142onkowskich. Inicjatywa, wspierana przez Europejski Bank Inwestycyjny (EBI), otwiera drog\u0119 do szeroko zakrojonych inwestycji&#8230;<\/p>","protected":false},"author":134,"featured_media":47924,"comment_status":"closed","ping_status":"closed","sticky":false,"template":"","format":"standard","meta":{"_acf_changed":false,"footnotes":""},"categories":[239,236],"tags":[3058],"class_list":["post-48297","post","type-post","status-publish","format-standard","has-post-thumbnail","hentry","category-gospodarka-i-inwestycje","category-gzm","tag-elena"],"acf":[],"yoast_head":"<!-- This site is optimized with the Yoast SEO plugin v27.4 - https:\/\/yoast.com\/product\/yoast-seo-wordpress\/ -->\n<title>Metropolia przyspiesza termomodernizacj\u0119 budynk\u00f3w komunalnych - Metropolia GZM<\/title>\n<meta name=\"description\" content=\"Oficjalny portal G\u00f3rno\u015bl\u0105sko-Zag\u0142\u0119biowskiej Metropolii\" \/>\n<meta name=\"robots\" content=\"index, follow, max-snippet:-1, max-image-preview:large, max-video-preview:-1\" \/>\n<link rel=\"canonical\" href=\"https:\/\/metropoliagzm.pl\/en\/2026\/04\/27\/metropolia-przyspiesza-termomodernizacje-budynkow-komunalnych\/\" \/>\n<meta name=\"twitter:card\" content=\"summary_large_image\" \/>\n<meta name=\"twitter:title\" content=\"Metropolia przyspiesza termomodernizacj\u0119 budynk\u00f3w komunalnych - Metropolia GZM\" \/>\n<meta name=\"twitter:description\" content=\"Oficjalny portal G\u00f3rno\u015bl\u0105sko-Zag\u0142\u0119biowskiej Metropolii\" \/>\n<meta name=\"twitter:image\" content=\"https:\/\/metropoliagzm.pl\/wp-content\/uploads\/2026\/03\/katowice-3-of-4-scaled.jpg\" \/>\n<meta name=\"twitter:label1\" content=\"Written by\" \/>\n\t<meta name=\"twitter:data1\" content=\"Micha\u0142 Nowak\" \/>\n\t<meta name=\"twitter:label2\" content=\"Estimated reading time\" \/>\n\t<meta name=\"twitter:data2\" content=\"2 minutes\" \/>\n<script type=\"application\/ld+json\" class=\"yoast-schema-graph\">{\"@context\":\"https:\\\/\\\/schema.org\",\"@graph\":[{\"@type\":\"Article\",\"@id\":\"https:\\\/\\\/metropoliagzm.pl\\\/2026\\\/04\\\/27\\\/metropolia-przyspiesza-termomodernizacje-budynkow-komunalnych\\\/#article\",\"isPartOf\":{\"@id\":\"https:\\\/\\\/metropoliagzm.pl\\\/2026\\\/04\\\/27\\\/metropolia-przyspiesza-termomodernizacje-budynkow-komunalnych\\\/\"},\"author\":{\"name\":\"Micha\u0142 Nowak\",\"@id\":\"https:\\\/\\\/metropoliagzm.pl\\\/en\\\/#\\\/schema\\\/person\\\/9e7660ba27bc92881ef16c6fc34ae962\"},\"headline\":\"Metropolia przyspiesza termomodernizacj\u0119 budynk\u00f3w komunalnych\",\"datePublished\":\"2026-04-27T09:01:07+00:00\",\"dateModified\":\"2026-04-27T09:01:46+00:00\",\"mainEntityOfPage\":{\"@id\":\"https:\\\/\\\/metropoliagzm.pl\\\/2026\\\/04\\\/27\\\/metropolia-przyspiesza-termomodernizacje-budynkow-komunalnych\\\/\"},\"wordCount\":309,\"publisher\":{\"@id\":\"https:\\\/\\\/metropoliagzm.pl\\\/en\\\/#organization\"},\"image\":{\"@id\":\"https:\\\/\\\/metropoliagzm.pl\\\/2026\\\/04\\\/27\\\/metropolia-przyspiesza-termomodernizacje-budynkow-komunalnych\\\/#primaryimage\"},\"thumbnailUrl\":\"https:\\\/\\\/metropoliagzm.pl\\\/wp-content\\\/uploads\\\/2026\\\/03\\\/katowice-3-of-4-scaled.jpg\",\"keywords\":[\"ELENA\"],\"articleSection\":[\"Gospodarka i Inwestycje\",\"GZM\"],\"inLanguage\":\"en-GB\"},{\"@type\":\"WebPage\",\"@id\":\"https:\\\/\\\/metropoliagzm.pl\\\/2026\\\/04\\\/27\\\/metropolia-przyspiesza-termomodernizacje-budynkow-komunalnych\\\/\",\"url\":\"https:\\\/\\\/metropoliagzm.pl\\\/2026\\\/04\\\/27\\\/metropolia-przyspiesza-termomodernizacje-budynkow-komunalnych\\\/\",\"name\":\"Metropolia przyspiesza termomodernizacj\u0119 budynk\u00f3w komunalnych - Metropolia GZM\",\"isPartOf\":{\"@id\":\"https:\\\/\\\/metropoliagzm.pl\\\/en\\\/#website\"},\"primaryImageOfPage\":{\"@id\":\"https:\\\/\\\/metropoliagzm.pl\\\/2026\\\/04\\\/27\\\/metropolia-przyspiesza-termomodernizacje-budynkow-komunalnych\\\/#primaryimage\"},\"image\":{\"@id\":\"https:\\\/\\\/metropoliagzm.pl\\\/2026\\\/04\\\/27\\\/metropolia-przyspiesza-termomodernizacje-budynkow-komunalnych\\\/#primaryimage\"},\"thumbnailUrl\":\"https:\\\/\\\/metropoliagzm.pl\\\/wp-content\\\/uploads\\\/2026\\\/03\\\/katowice-3-of-4-scaled.jpg\",\"datePublished\":\"2026-04-27T09:01:07+00:00\",\"dateModified\":\"2026-04-27T09:01:46+00:00\",\"description\":\"Oficjalny portal G\u00f3rno\u015bl\u0105sko-Zag\u0142\u0119biowskiej Metropolii\",\"breadcrumb\":{\"@id\":\"https:\\\/\\\/metropoliagzm.pl\\\/2026\\\/04\\\/27\\\/metropolia-przyspiesza-termomodernizacje-budynkow-komunalnych\\\/#breadcrumb\"},\"inLanguage\":\"en-GB\",\"potentialAction\":[{\"@type\":\"ReadAction\",\"target\":[\"https:\\\/\\\/metropoliagzm.pl\\\/2026\\\/04\\\/27\\\/metropolia-przyspiesza-termomodernizacje-budynkow-komunalnych\\\/\"]}]},{\"@type\":\"ImageObject\",\"inLanguage\":\"en-GB\",\"@id\":\"https:\\\/\\\/metropoliagzm.pl\\\/2026\\\/04\\\/27\\\/metropolia-przyspiesza-termomodernizacje-budynkow-komunalnych\\\/#primaryimage\",\"url\":\"https:\\\/\\\/metropoliagzm.pl\\\/wp-content\\\/uploads\\\/2026\\\/03\\\/katowice-3-of-4-scaled.jpg\",\"contentUrl\":\"https:\\\/\\\/metropoliagzm.pl\\\/wp-content\\\/uploads\\\/2026\\\/03\\\/katowice-3-of-4-scaled.jpg\",\"width\":2560,\"height\":1313,\"caption\":\"Fot. GZM\"},{\"@type\":\"BreadcrumbList\",\"@id\":\"https:\\\/\\\/metropoliagzm.pl\\\/2026\\\/04\\\/27\\\/metropolia-przyspiesza-termomodernizacje-budynkow-komunalnych\\\/#breadcrumb\",\"itemListElement\":[{\"@type\":\"ListItem\",\"position\":1,\"name\":\"Strona g\u0142\u00f3wna\",\"item\":\"https:\\\/\\\/metropoliagzm.pl\\\/\"},{\"@type\":\"ListItem\",\"position\":2,\"name\":\"Metropolia przyspiesza termomodernizacj\u0119 budynk\u00f3w komunalnych\"}]},{\"@type\":\"WebSite\",\"@id\":\"https:\\\/\\\/metropoliagzm.pl\\\/en\\\/#website\",\"url\":\"https:\\\/\\\/metropoliagzm.pl\\\/en\\\/\",\"name\":\"Metropolia GZM\",\"description\":\"Oficjalny portal G\u00f3rno\u015bl\u0105sko-Zag\u0142\u0119biowskiej Metropolii\",\"publisher\":{\"@id\":\"https:\\\/\\\/metropoliagzm.pl\\\/en\\\/#organization\"},\"potentialAction\":[{\"@type\":\"SearchAction\",\"target\":{\"@type\":\"EntryPoint\",\"urlTemplate\":\"https:\\\/\\\/metropoliagzm.pl\\\/en\\\/?s={search_term_string}\"},\"query-input\":{\"@type\":\"PropertyValueSpecification\",\"valueRequired\":true,\"valueName\":\"search_term_string\"}}],\"inLanguage\":\"en-GB\"},{\"@type\":\"Organization\",\"@id\":\"https:\\\/\\\/metropoliagzm.pl\\\/en\\\/#organization\",\"name\":\"Metropolia GZM\",\"url\":\"https:\\\/\\\/metropoliagzm.pl\\\/en\\\/\",\"logo\":{\"@type\":\"ImageObject\",\"inLanguage\":\"en-GB\",\"@id\":\"https:\\\/\\\/metropoliagzm.pl\\\/en\\\/#\\\/schema\\\/logo\\\/image\\\/\",\"url\":\"https:\\\/\\\/metropoliagzm.pl\\\/wp-content\\\/uploads\\\/2019\\\/03\\\/Sygnet-strona-glowna.png\",\"contentUrl\":\"https:\\\/\\\/metropoliagzm.pl\\\/wp-content\\\/uploads\\\/2019\\\/03\\\/Sygnet-strona-glowna.png\",\"width\":36,\"height\":45,\"caption\":\"Metropolia GZM\"},\"image\":{\"@id\":\"https:\\\/\\\/metropoliagzm.pl\\\/en\\\/#\\\/schema\\\/logo\\\/image\\\/\"}},{\"@type\":\"Person\",\"@id\":\"https:\\\/\\\/metropoliagzm.pl\\\/en\\\/#\\\/schema\\\/person\\\/9e7660ba27bc92881ef16c6fc34ae962\",\"name\":\"Micha\u0142 Nowak\",\"image\":{\"@type\":\"ImageObject\",\"inLanguage\":\"en-GB\",\"@id\":\"https:\\\/\\\/secure.gravatar.com\\\/avatar\\\/2d51f070ccac4989b201dc1a42c3a6d46ff007fc5e569ff280535ab8e8122a59?s=96&d=mm&r=g\",\"url\":\"https:\\\/\\\/secure.gravatar.com\\\/avatar\\\/2d51f070ccac4989b201dc1a42c3a6d46ff007fc5e569ff280535ab8e8122a59?s=96&d=mm&r=g\",\"contentUrl\":\"https:\\\/\\\/secure.gravatar.com\\\/avatar\\\/2d51f070ccac4989b201dc1a42c3a6d46ff007fc5e569ff280535ab8e8122a59?s=96&d=mm&r=g\",\"caption\":\"Micha\u0142 Nowak\"},\"url\":\"https:\\\/\\\/metropoliagzm.pl\\\/en\\\/author\\\/michal-nowak\\\/\"}]}<\/script>\n<!-- \/ Yoast SEO plugin. -->","yoast_head_json":{"title":"Metropolia przyspiesza termomodernizacj\u0119 budynk\u00f3w komunalnych - Metropolia GZM","description":"Oficjalny portal G\u00f3rno\u015bl\u0105sko-Zag\u0142\u0119biowskiej Metropolii","robots":{"index":"index","follow":"follow","max-snippet":"max-snippet:-1","max-image-preview":"max-image-preview:large","max-video-preview":"max-video-preview:-1"},"canonical":"https:\/\/metropoliagzm.pl\/en\/2026\/04\/27\/metropolia-przyspiesza-termomodernizacje-budynkow-komunalnych\/","twitter_card":"summary_large_image","twitter_title":"Metropolia przyspiesza termomodernizacj\u0119 budynk\u00f3w komunalnych - Metropolia GZM","twitter_description":"Oficjalny portal G\u00f3rno\u015bl\u0105sko-Zag\u0142\u0119biowskiej Metropolii","twitter_image":"https:\/\/metropoliagzm.pl\/wp-content\/uploads\/2026\/03\/katowice-3-of-4-scaled.jpg","twitter_misc":{"Written by":"Micha\u0142 Nowak","Estimated reading time":"2 minutes"},"schema":{"@context":"https:\/\/schema.org","@graph":[{"@type":"Article","@id":"https:\/\/metropoliagzm.pl\/2026\/04\/27\/metropolia-przyspiesza-termomodernizacje-budynkow-komunalnych\/#article","isPartOf":{"@id":"https:\/\/metropoliagzm.pl\/2026\/04\/27\/metropolia-przyspiesza-termomodernizacje-budynkow-komunalnych\/"},"author":{"name":"Micha\u0142 Nowak","@id":"https:\/\/metropoliagzm.pl\/en\/#\/schema\/person\/9e7660ba27bc92881ef16c6fc34ae962"},"headline":"Metropolia przyspiesza termomodernizacj\u0119 budynk\u00f3w komunalnych","datePublished":"2026-04-27T09:01:07+00:00","dateModified":"2026-04-27T09:01:46+00:00","mainEntityOfPage":{"@id":"https:\/\/metropoliagzm.pl\/2026\/04\/27\/metropolia-przyspiesza-termomodernizacje-budynkow-komunalnych\/"},"wordCount":309,"publisher":{"@id":"https:\/\/metropoliagzm.pl\/en\/#organization"},"image":{"@id":"https:\/\/metropoliagzm.pl\/2026\/04\/27\/metropolia-przyspiesza-termomodernizacje-budynkow-komunalnych\/#primaryimage"},"thumbnailUrl":"https:\/\/metropoliagzm.pl\/wp-content\/uploads\/2026\/03\/katowice-3-of-4-scaled.jpg","keywords":["ELENA"],"articleSection":["Gospodarka i Inwestycje","GZM"],"inLanguage":"en-GB"},{"@type":"WebPage","@id":"https:\/\/metropoliagzm.pl\/2026\/04\/27\/metropolia-przyspiesza-termomodernizacje-budynkow-komunalnych\/","url":"https:\/\/metropoliagzm.pl\/2026\/04\/27\/metropolia-przyspiesza-termomodernizacje-budynkow-komunalnych\/","name":"Metropolia przyspiesza termomodernizacj\u0119 budynk\u00f3w komunalnych - Metropolia GZM","isPartOf":{"@id":"https:\/\/metropoliagzm.pl\/en\/#website"},"primaryImageOfPage":{"@id":"https:\/\/metropoliagzm.pl\/2026\/04\/27\/metropolia-przyspiesza-termomodernizacje-budynkow-komunalnych\/#primaryimage"},"image":{"@id":"https:\/\/metropoliagzm.pl\/2026\/04\/27\/metropolia-przyspiesza-termomodernizacje-budynkow-komunalnych\/#primaryimage"},"thumbnailUrl":"https:\/\/metropoliagzm.pl\/wp-content\/uploads\/2026\/03\/katowice-3-of-4-scaled.jpg","datePublished":"2026-04-27T09:01:07+00:00","dateModified":"2026-04-27T09:01:46+00:00","description":"Oficjalny portal G\u00f3rno\u015bl\u0105sko-Zag\u0142\u0119biowskiej Metropolii","breadcrumb":{"@id":"https:\/\/metropoliagzm.pl\/2026\/04\/27\/metropolia-przyspiesza-termomodernizacje-budynkow-komunalnych\/#breadcrumb"},"inLanguage":"en-GB","potentialAction":[{"@type":"ReadAction","target":["https:\/\/metropoliagzm.pl\/2026\/04\/27\/metropolia-przyspiesza-termomodernizacje-budynkow-komunalnych\/"]}]},{"@type":"ImageObject","inLanguage":"en-GB","@id":"https:\/\/metropoliagzm.pl\/2026\/04\/27\/metropolia-przyspiesza-termomodernizacje-budynkow-komunalnych\/#primaryimage","url":"https:\/\/metropoliagzm.pl\/wp-content\/uploads\/2026\/03\/katowice-3-of-4-scaled.jpg","contentUrl":"https:\/\/metropoliagzm.pl\/wp-content\/uploads\/2026\/03\/katowice-3-of-4-scaled.jpg","width":2560,"height":1313,"caption":"Fot. GZM"},{"@type":"BreadcrumbList","@id":"https:\/\/metropoliagzm.pl\/2026\/04\/27\/metropolia-przyspiesza-termomodernizacje-budynkow-komunalnych\/#breadcrumb","itemListElement":[{"@type":"ListItem","position":1,"name":"Strona g\u0142\u00f3wna","item":"https:\/\/metropoliagzm.pl\/"},{"@type":"ListItem","position":2,"name":"Metropolia przyspiesza termomodernizacj\u0119 budynk\u00f3w komunalnych"}]},{"@type":"WebSite","@id":"https:\/\/metropoliagzm.pl\/en\/#website","url":"https:\/\/metropoliagzm.pl\/en\/","name":"Metropolia GZM","description":"Oficjalny portal G\u00f3rno\u015bl\u0105sko-Zag\u0142\u0119biowskiej Metropolii","publisher":{"@id":"https:\/\/metropoliagzm.pl\/en\/#organization"},"potentialAction":[{"@type":"SearchAction","target":{"@type":"EntryPoint","urlTemplate":"https:\/\/metropoliagzm.pl\/en\/?s={search_term_string}"},"query-input":{"@type":"PropertyValueSpecification","valueRequired":true,"valueName":"search_term_string"}}],"inLanguage":"en-GB"},{"@type":"Organization","@id":"https:\/\/metropoliagzm.pl\/en\/#organization","name":"Metropolia GZM","url":"https:\/\/metropoliagzm.pl\/en\/","logo":{"@type":"ImageObject","inLanguage":"en-GB","@id":"https:\/\/metropoliagzm.pl\/en\/#\/schema\/logo\/image\/","url":"https:\/\/metropoliagzm.pl\/wp-content\/uploads\/2019\/03\/Sygnet-strona-glowna.png","contentUrl":"https:\/\/metropoliagzm.pl\/wp-content\/uploads\/2019\/03\/Sygnet-strona-glowna.png","width":36,"height":45,"caption":"Metropolia GZM"},"image":{"@id":"https:\/\/metropoliagzm.pl\/en\/#\/schema\/logo\/image\/"}},{"@type":"Person","@id":"https:\/\/metropoliagzm.pl\/en\/#\/schema\/person\/9e7660ba27bc92881ef16c6fc34ae962","name":"Micha\u0142 Nowak","image":{"@type":"ImageObject","inLanguage":"en-GB","@id":"https:\/\/secure.gravatar.com\/avatar\/2d51f070ccac4989b201dc1a42c3a6d46ff007fc5e569ff280535ab8e8122a59?s=96&d=mm&r=g","url":"https:\/\/secure.gravatar.com\/avatar\/2d51f070ccac4989b201dc1a42c3a6d46ff007fc5e569ff280535ab8e8122a59?s=96&d=mm&r=g","contentUrl":"https:\/\/secure.gravatar.com\/avatar\/2d51f070ccac4989b201dc1a42c3a6d46ff007fc5e569ff280535ab8e8122a59?s=96&d=mm&r=g","caption":"Micha\u0142 Nowak"},"url":"https:\/\/metropoliagzm.pl\/en\/author\/michal-nowak\/"}]}},"_links":{"self":[{"href":"https:\/\/metropoliagzm.pl\/en\/wp-json\/wp\/v2\/posts\/48297","targetHints":{"allow":["GET"]}}],"collection":[{"href":"https:\/\/metropoliagzm.pl\/en\/wp-json\/wp\/v2\/posts"}],"about":[{"href":"https:\/\/metropoliagzm.pl\/en\/wp-json\/wp\/v2\/types\/post"}],"author":[{"embeddable":true,"href":"https:\/\/metropoliagzm.pl\/en\/wp-json\/wp\/v2\/users\/134"}],"replies":[{"embeddable":true,"href":"https:\/\/metropoliagzm.pl\/en\/wp-json\/wp\/v2\/comments?post=48297"}],"version-history":[{"count":2,"href":"https:\/\/metropoliagzm.pl\/en\/wp-json\/wp\/v2\/posts\/48297\/revisions"}],"predecessor-version":[{"id":48299,"href":"https:\/\/metropoliagzm.pl\/en\/wp-json\/wp\/v2\/posts\/48297\/revisions\/48299"}],"wp:featuredmedia":[{"embeddable":true,"href":"https:\/\/metropoliagzm.pl\/en\/wp-json\/wp\/v2\/media\/47924"}],"wp:attachment":[{"href":"https:\/\/metropoliagzm.pl\/en\/wp-json\/wp\/v2\/media?parent=48297"}],"wp:term":[{"taxonomy":"category","embeddable":true,"href":"https:\/\/metropoliagzm.pl\/en\/wp-json\/wp\/v2\/categories?post=48297"},{"taxonomy":"post_tag","embeddable":true,"href":"https:\/\/metropoliagzm.pl\/en\/wp-json\/wp\/v2\/tags?post=48297"}],"curies":[{"name":"wp","href":"https:\/\/api.w.org\/{rel}","templated":true}]}}