{"id":48681,"date":"2026-08-31T13:30:00","date_gmt":"2026-08-31T11:30:00","guid":{"rendered":"https:\/\/metropoliagzm.pl\/?p=48681"},"modified":"2026-08-31T14:27:46","modified_gmt":"2026-08-31T12:27:46","slug":"noc-teatrow-gzm-juz-po-raz-16-ty","status":"publish","type":"post","link":"https:\/\/metropoliagzm.pl\/en\/2026\/08\/31\/noc-teatrow-gzm-juz-po-raz-16-ty\/","title":{"rendered":"Noc Teatr\u00f3w GZM ju\u017c po raz 16-ty!"},"content":{"rendered":"<div class=\"pdf-block\"><div class=\"pdfprnt-buttons  pdfprnt-new pdfprnt-buttons-post pdfprnt-top-right\"><div class=\"jssocials-share jssocials-share-twitter\"><a target=\"_blank\" href=\"https:\/\/twitter.com\/share?url=https:\/\/metropoliagzm.pl\/en\/wp-json\/wp\/v2\/posts\/48681;text=48681\" class=\"jssocials-share-link\"><i class=\"fa fa-twitter jssocials-share-logo\"><\/i><\/a><\/div><div class=\"jssocials-share jssocials-share-facebook\"><a target=\"_blank\" href=\"https:\/\/facebook.com\/sharer\/sharer.php?u=https:\/\/metropoliagzm.pl\/en\/wp-json\/wp\/v2\/posts\/48681\" class=\"jssocials-share-link\"><i class=\"fa fa-facebook jssocials-share-logo\"><\/i><\/a><\/div><div class=\"jssocials-share jssocials-share-pinterest\"><a target=\"_blank\" href=\"https:\/\/pinterest.com\/pin\/create\/bookmarklet\/?&amp;url=https:\/\/metropoliagzm.pl\/en\/wp-json\/wp\/v2\/posts\/48681;description=48681\" class=\"jssocials-share-link\"><i class=\"fa fa-pinterest jssocials-share-logo\"><\/i><\/a><\/div><a href=\"https:\/\/metropoliagzm.pl\/en\/wp-json\/wp\/v2\/posts\/48681?print=pdf\" class=\"pdfprnt-button pdfprnt-button-pdf\" target=\"_blank\"><img decoding=\"async\" src=\"https:\/\/metropoliagzm.pl\/wp-content\/plugins\/pdf-print\/images\/pdf.png\" alt=\"image_pdf\" title=\"View PDF\" \/><\/a><a href=\"https:\/\/metropoliagzm.pl\/en\/wp-json\/wp\/v2\/posts\/48681?print=print\" class=\"pdfprnt-button pdfprnt-button-print\" target=\"_blank\"><img decoding=\"async\" src=\"https:\/\/metropoliagzm.pl\/wp-content\/plugins\/pdf-print\/images\/print.png\" alt=\"image_print\" title=\"Print Content\" \/><\/a><\/div><\/div><div class=\"post-block-pdf\"><div class=\"pdfprnt-buttons pdfprnt-buttons-post pdfprnt-top-right\"><a href=\"https:\/\/metropoliagzm.pl\/en\/wp-json\/wp\/v2\/posts\/48681?print=pdf\" class=\"pdfprnt-button pdfprnt-button-pdf\" target=\"_blank\"><img decoding=\"async\" src=\"https:\/\/metropoliagzm.pl\/wp-content\/plugins\/pdf-print\/images\/pdf.png\" alt=\"image_pdf\" title=\"View PDF\" \/><\/a><a href=\"https:\/\/metropoliagzm.pl\/en\/wp-json\/wp\/v2\/posts\/48681?print=print\" class=\"pdfprnt-button pdfprnt-button-print\" target=\"_blank\"><img decoding=\"async\" src=\"https:\/\/metropoliagzm.pl\/wp-content\/plugins\/pdf-print\/images\/print.png\" alt=\"image_print\" title=\"Print Content\" \/><\/a><\/div><p><strong>Ju\u017c 12 wrze\u015bnia rozpocznie si\u0119 najwi\u0119ksza teatralna impreza w regionie \u2013 Noc Teatr\u00f3w GZM. W 15. teatrach G\u00f3rno\u015bl\u0105sko-Zag\u0142\u0119biowskiej Metropolii b\u0119dzie mo\u017cna zobaczy\u0107 a\u017c 27 spektakli i wzi\u0105\u0107 udzia\u0142 w 50. atrakcjach dodatkowych \u2013 warsztatach, grach, pokazach, wystawach, spotkaniach z tw\u00f3rcami i zwiedzaniu teatralnych przestrzeni na co dzie\u0144 dla widz\u00f3w niedost\u0119pnych.<\/strong><\/p>\n<p>Czeka na nas wszystko to, czego zwykle oczekujemy od teatru \u2013 kontakt z \u017cywym aktorem, autentyczne emocje, g\u0142\u0119boka refleksja, zaskoczenie i oderwanie od codzienno\u015bci, a tak\u017ce zabawa i tw\u00f3rcza ekspresja w\u0142asnych talent\u00f3w podczas artystycznych warsztat\u00f3w.<\/p>\n<p>Sprzeda\u017c bilet\u00f3w na\u00a0spektakle i\u00a0zapisy na\u00a0atrakcje rusz\u0105 1 wrze\u015bnia. Wszystkie bilety dost\u0119pne b\u0119d\u0105 w\u00a0specjalnej, promocyjnej cenie \u2013 co najmniej o po\u0142ow\u0119 ni\u017cszej od regularnej. Podobnie jak w poprzednich edycjach, uczestnicy b\u0119d\u0105 mogli wygodnie i bezp\u0142atnie podr\u00f3\u017cowa\u0107 mi\u0119dzy teatrami, korzystaj\u0105c z autobus\u00f3w, tramwaj\u00f3w i trolejbus\u00f3w Transport GZM (szczeg\u00f3\u0142y zostan\u0105 podane wkr\u00f3tce).<\/p>\n<p>Szczeg\u00f3\u0142owy program Nocy Teatr\u00f3w GZM jest dost\u0119pny na stronie internetowej: <a href=\"https:\/\/nocteatrowgzm.pl\/\">https:\/\/nocteatrowgzm.pl\/<\/a><\/p>\n<p><img loading=\"lazy\" decoding=\"async\" class=\"alignnone size-large wp-image-48682\" src=\"https:\/\/metropoliagzm.pl\/wp-content\/uploads\/2026\/08\/noc_teatrow_FB_poziomy-1024x576.png\" alt=\"\" width=\"1024\" height=\"576\" srcset=\"https:\/\/metropoliagzm.pl\/wp-content\/uploads\/2026\/08\/noc_teatrow_FB_poziomy-1024x576.png 1024w, https:\/\/metropoliagzm.pl\/wp-content\/uploads\/2026\/08\/noc_teatrow_FB_poziomy-300x169.png 300w, https:\/\/metropoliagzm.pl\/wp-content\/uploads\/2026\/08\/noc_teatrow_FB_poziomy-768x432.png 768w, https:\/\/metropoliagzm.pl\/wp-content\/uploads\/2026\/08\/noc_teatrow_FB_poziomy-1536x864.png 1536w, https:\/\/metropoliagzm.pl\/wp-content\/uploads\/2026\/08\/noc_teatrow_FB_poziomy-18x10.png 18w, https:\/\/metropoliagzm.pl\/wp-content\/uploads\/2026\/08\/noc_teatrow_FB_poziomy-1200x675.png 1200w, https:\/\/metropoliagzm.pl\/wp-content\/uploads\/2026\/08\/noc_teatrow_FB_poziomy-585x329.png 585w, https:\/\/metropoliagzm.pl\/wp-content\/uploads\/2026\/08\/noc_teatrow_FB_poziomy.png 1920w\" sizes=\"auto, (max-width: 1024px) 100vw, 1024px\" \/>Na tegoroczn\u0105 Noc Teatr\u00f3w GZM <strong>Opera \u015al\u0105ska<\/strong> <strong>w Bytomiu<\/strong> zaplanowa\u0142a inauguracj\u0119 nowego sezonu artystycznego. Zapowiada si\u0119 wyj\u0105tkowo uroczysty wiecz\u00f3r, podczas kt\u00f3rego widzowie b\u0119d\u0105 mieli okazj\u0119 zobaczy\u0107 a\u017c dwa jednoaktowe spektakle. Pierwszy z nich to <strong>\u201eSzeherezada\u201d<\/strong>, jednak bez ba\u015bniowo-orientalnej aury. Tw\u00f3rcy spektaklu \u015bwiadomie przenie\u015bli opowie\u015b\u0107 do wsp\u00f3\u0142czesno\u015bci, wydobywaj\u0105c jej uniwersalny charakter, ukazuj\u0105c nami\u0119tno\u015bci, kompleksy i obsesje, niszcz\u0105ce wi\u0119\u017a mi\u0119dzy dwojgiem niegdy\u015b bliskich sobie ludzi. W drugiej cz\u0119\u015bci wieczoru zobaczymy \u201eG\u0142\u00f3d\u201d, inspirowany s\u0142ynn\u0105 powie\u015bci\u0105 Knuta Hamsuna, histori\u0119 o ludzkiej wytrzyma\u0142o\u015bci, potrzebie blisko\u015bci i poszukiwaniu sensu.<\/p>\n<p><strong>Teatr Ma\u0142y w Tychach<\/strong> tak\u017ce zaprasza na inauguracj\u0119 nowego sezonu artystycznego, prezentuj\u0105c \u201eNiespodziewany powr\u00f3t\u201d, komediodramat o skomplikowanych relacjach mi\u0119dzy ojcem a synem, w kt\u00f3rym splataj\u0105 si\u0119 motywy rodzinne i wielkie ambicje aktorskie. Na scenie legenda polskiego kina i teatru \u2013 Daniel Olbrychski, kt\u00f3remu partneruje znany z\u00a0wielu produkcji telewizyjnych i\u00a0kinowych Kamil Kula.<\/p>\n<p>Tych, kt\u00f3rzy szczeg\u00f3lnie ceni\u0105 sobie pog\u0142\u0119bione psychologicznie postacie i ich pogmatwane relacje ucieszy prezentowany w <strong>Teatrze im. Tadeusza R\u00f3\u017cewicza<\/strong> (dawniej Teatr Miejski<br \/>\nw Gliwicach|) \u201ePrzedmiot Prawdy\u201d \u2013 polska prapremiera sztuki Toma Stopparda \u2013 spektakl o\u00a0mi\u0142o\u015bci, nami\u0119tno\u015bci, zdradzie i\u00a0rozczarowaniu, czyli granie na emocjach od pierwszej sceny.<\/p>\n<p>Do \u015bwiata mi\u0142o\u015bci, ale tej pierwszej, sprzed wielu lat, przeniesie nas spektakl \u201eMi\u0142o ci\u0119 by\u0142o zobaczy\u0107\u201d. Czy przypadkowe spotkanie po latach mo\u017ce ujawni\u0107 intensywno\u015b\u0107 pierwszego zauroczenia, czy te\u017c bohaterowie pozostan\u0105 w swoich pouk\u0142adanych od dawna \u015bwiatach\u2026 oka\u017ce si\u0119 podczas Nocy Teatr\u00f3w GZM <strong>Teatrze \u015al\u0105skim im. St. Wyspia\u0144skiego<\/strong><br \/>\nw Katowicach.<\/p>\n<p>Motyw spotkania po latach i niespodziewanych tego nast\u0119pstw \u015bledzi\u0107 b\u0119dzie mo\u017cna<br \/>\nw inteligentnej komedii o\u00a0ambicjach, zazdro\u015bci i\u00a0m\u0119skim ego wystawionym na\u00a0pr\u00f3b\u0119. Na ten spektakl, o prowokacyjnym tytule \u201eOddam \u017con\u0119 w dobre r\u0119ce\u201d, zaprasza <strong>Teatr \u017belazny<\/strong><br \/>\nw Katowicach.<\/p>\n<p>Skoro jeste\u015bmy przy komediach, to zapewne rozbawi nas przedstawienie pt. \u201eTigergirls\u201d,<br \/>\nw kt\u00f3rym trzy nieco znudzone \u017cyciem wdowy postanawiaj\u0105 wzi\u0105\u0107 udzia\u0142 w talent shaw, a do przygotowa\u0144 zatrudniaj\u0105 operowego \u015bpiewaka. Aby zobaczy\u0107, czym zako\u0144czy si\u0119 to przedsi\u0119wzi\u0119cie, trzeba wybra\u0107 si\u0119 do <strong>Teatru Korez<\/strong> w Katowicach.<\/p>\n<p>\u015amiesznie, ale i strasznie b\u0119dzie tak\u017ce w <strong>Teatrze Nowym<\/strong> w Zabrzu, bo spektakl \u201eP\u00f3\u0142 na p\u00f3\u0142\u201d to historia o nas, o naszych relacjach z najbli\u017cszymi, o tym co jest wa\u017cne i gdzie jest granica przyzwoito\u015bci, o ile w og\u00f3le jest\u2026<\/p>\n<p>Samotno\u015b\u0107 i strach przed \u015bmierci\u0105 to raczej nieweso\u0142e tematy, ale spektakl \u201eSala 108\u201d, katowickiego <strong>Teatru Bez Sceny<\/strong>, opowiada o nich w komediowo-poetyckim klimacie \u2013 dw\u00f3ch m\u0119\u017cczyzn w szpitalnej Sali, kusz\u0105ca piel\u0119gniarka, ci\u0119te dialogi i surrealistyczne sytuacje oswoj\u0105 najstraszniejszy temat.<\/p>\n<p>A je\u015bli szczeg\u00f3lnie lubimy si\u0119 ba\u0107 i \u015bmia\u0107 i mo\u017ce jeszcze \u015bpiewa\u0107, to tegoroczna propozycja <strong>Teatru Rozrywki<\/strong> zaspokoi te wszystkie zachcianki. Musical \u201eBeetlejuice\u201d, na\u00a0kanwie kultowego filmu Tima Burtona, to\u00a0historia nietypowego, bo\u00a0nie\u017cyj\u0105cego ju\u017c ma\u0142\u017ce\u0144stwa Maitland\u00f3w, kt\u00f3re nie chce opu\u015bci\u0107 swojego domu, cho\u0107 zaj\u0119\u0142a go\u00a0ju\u017c nowa, \u017cyj\u0105ca, rodzina. Aby ja przegoni\u0107 korzystaj\u0105 z\u00a0pomocy Beetlejuice\u2019a, wyj\u0105tkowo ekscentrycznego ducha.<\/p>\n<p>Innego zgo\u0142a ducha \u2013 ducha lat 90 przywo\u0142a przedstawienie \u201eMleko w\u00a0tubce\u201d, prezentowane w <strong>Pa\u0142acu Kultury Zag\u0142\u0119bia<\/strong>. Wspomnienie mleka w tubce, akwizytor\u00f3w i teleturniej\u00f3w na pewno rozczuli przedstawicieli pokole\u0144 X i Y.<\/p>\n<p>Na zako\u0144czenie sekwencji o duchach trzeba wspomnie\u0107 tym razem nie o spektaklu,<br \/>\na o miejskiej grze teatralnej, przygotowanej przez <strong>\u015al\u0105ski Teatr Lalki i Aktora Ateneum<\/strong>, zatytu\u0142owanej \u201eZnajd\u017a ducha teatru\u201d, kt\u00f3rej zwie\u0144czeniem b\u0119dzie spotkanie z\u00a0Duchem Teatru \u2013 symboliczn\u0105 postaci\u0105 \u0142\u0105cz\u0105c\u0105 wszystkie opowie\u015bci i\u00a0teatralne tropy obecne w\u00a0miejskiej przestrzeni Katowic. To propozycja zar\u00f3wno dla ma\u0142ych jak i dla doros\u0142ych widz\u00f3w. I jest takich znacznie wi\u0119cej podczas tegorocznej Nocy Teatr\u00f3w GZM.<\/p>\n<p>Tematy sensu \u017cycia, dorastania i\u00a0przemijania, we wzruszaj\u0105cy spos\u00f3b, przyst\u0119pny dla ma\u0142ych i du\u017cych, porusza spektakl \u201eOskar i pani R\u00f3\u017ca\u201d katowickiego <strong>Teatru Gry i Ludzie<\/strong>.<\/p>\n<p>Bez ogranicze\u0144 wiekowych jest tak\u017ce spektakl \u201eTajemniczy ogr\u00f3d\u201d <strong>Teatru Zag\u0142\u0119bia<\/strong><br \/>\nw Sosnowcu, przetwarzaj\u0105cy za pomoc\u0105 wsp\u00f3\u0142czesnych \u015brodk\u00f3w wyrazu w\u0105tki znanej wszystkim historii. W\u00a0nowo odkrytym tajemniczym ogrodzie chcemy si\u0119 wsp\u00f3lnie bawi\u0107 \u2013 i\u00a0zmienia\u0107 go\u00a0wed\u0142ug w\u0142asnych zasad.<\/p>\n<p>I dzieciom i doros\u0142ym spodoba si\u0119 z pewno\u015bci\u0105 \u201eCzerwony Kapturek\u201d we wsp\u00f3\u0142czesnej ods\u0142onie, w kt\u00f3rej tytu\u0142owa posta\u0107 to sympatyczna \u0142obuziara, wilk jest mi\u0142y i nie\u015bmia\u0142y, a babcia wiecznie m\u0142oda i korzystaj\u0105ca z \u017cycia. Do zobaczenia w <strong>Teatrze Dzieci Zag\u0142\u0119bia im. Jana Dormana <\/strong>w B\u0119dzinie.<\/p>\n<p>Na zako\u0144czenie naszego przegl\u0105du \u201enocoteatralnych\u201d spektakli zatrzymajmy si\u0119 jeszcze na szczeg\u00f3lnej propozycji <strong>Bytomskiego Teatru Ta\u0144ca i ruchu Rozbark<\/strong>, zatytu\u0142owanej \u201eNiewinne marzenia\u201d. To\u00a0opowie\u015b\u0107 o\u00a0tym, \u017ce w ta\u0144cu \u2013 sztuce wydaj\u0105cej si\u0119 dla wielu wymagaj\u0105c\u0105, nieprzyst\u0119pn\u0105 \u2013 mo\u017cna si\u0119 odnale\u017a\u0107 niezale\u017cnie od tego, jakie s\u0105 nasze fizyczne czy intelektualne mo\u017cliwo\u015bci.<\/p>\n<p>To tylko wybrane spektakle 16. Nocy Teatr\u00f3w GZM. Przypominamy, \u017ce jest ich wszystkich 27, \u017ce mo\u017cna je obejrze\u0107 12 wrze\u015bnia i \u017ce opr\u00f3cz spektakli czeka nas mn\u00f3stwo innych atrakcji.\u00a0 Szczeg\u00f3\u0142owy program znajdziecie w zak\u0142adce REPERTUAR.<\/p>\n<p>Zapraszamy serdecznie!<\/p>\n<div class=\"post-author\" style=\"font-size:13px\">Micha\u0142 Nowak<\/div><\/div>","protected":false},"excerpt":{"rendered":"<p>Ju\u017c 12 wrze\u015bnia rozpocznie si\u0119 najwi\u0119ksza teatralna impreza w regionie \u2013 Noc Teatr\u00f3w GZM. W 15. teatrach G\u00f3rno\u015bl\u0105sko-Zag\u0142\u0119biowskiej Metropolii b\u0119dzie mo\u017cna zobaczy\u0107 a\u017c 27 spektakli i wzi\u0105\u0107 udzia\u0142 w 50. atrakcjach dodatkowych \u2013 warsztatach, grach, pokazach, wystawach, spotkaniach z tw\u00f3rcami i zwiedzaniu teatralnych przestrzeni na&#8230;<\/p>","protected":false},"author":134,"featured_media":48686,"comment_status":"closed","ping_status":"closed","sticky":false,"template":"","format":"standard","meta":{"_acf_changed":false,"footnotes":""},"categories":[236,241],"tags":[628,3264,3008],"class_list":["post-48681","post","type-post","status-publish","format-standard","has-post-thumbnail","hentry","category-gzm","category-kultura","tag-noc-teatrow","tag-noc-teatrow-2026","tag-noc-teatrow-gzm"],"acf":[],"yoast_head":"<!-- This site is optimized with the Yoast SEO plugin v28.2 - https:\/\/yoast.com\/product\/yoast-seo-wordpress\/ -->\n<title>Noc Teatr\u00f3w GZM ju\u017c po raz 16-ty! - Metropolia GZM<\/title>\n<meta name=\"description\" content=\"Oficjalny portal G\u00f3rno\u015bl\u0105sko-Zag\u0142\u0119biowskiej Metropolii\" \/>\n<meta name=\"robots\" content=\"index, follow, max-snippet:-1, max-image-preview:large, max-video-preview:-1\" \/>\n<link rel=\"canonical\" href=\"https:\/\/metropoliagzm.pl\/en\/2026\/08\/31\/noc-teatrow-gzm-juz-po-raz-16-ty\/\" \/>\n<meta name=\"twitter:card\" content=\"summary_large_image\" \/>\n<meta name=\"twitter:title\" content=\"Noc Teatr\u00f3w GZM ju\u017c po raz 16-ty! - Metropolia GZM\" \/>\n<meta name=\"twitter:description\" content=\"Oficjalny portal G\u00f3rno\u015bl\u0105sko-Zag\u0142\u0119biowskiej Metropolii\" \/>\n<meta name=\"twitter:image\" content=\"https:\/\/metropoliagzm.pl\/wp-content\/uploads\/2026\/08\/Korez.png\" \/>\n<meta name=\"twitter:label1\" content=\"Written by\" \/>\n\t<meta name=\"twitter:data1\" content=\"Micha\u0142 Nowak\" \/>\n\t<meta name=\"twitter:label2\" content=\"Estimated reading time\" \/>\n\t<meta name=\"twitter:data2\" content=\"6 minutes\" \/>\n<script type=\"application\/ld+json\" class=\"yoast-schema-graph\">{\"@context\":\"https:\\\/\\\/schema.org\",\"@graph\":[{\"@type\":\"Article\",\"@id\":\"https:\\\/\\\/metropoliagzm.pl\\\/2026\\\/08\\\/31\\\/noc-teatrow-gzm-juz-po-raz-16-ty\\\/#article\",\"isPartOf\":{\"@id\":\"https:\\\/\\\/metropoliagzm.pl\\\/2026\\\/08\\\/31\\\/noc-teatrow-gzm-juz-po-raz-16-ty\\\/\"},\"author\":{\"name\":\"Micha\u0142 Nowak\",\"@id\":\"https:\\\/\\\/metropoliagzm.pl\\\/en\\\/#\\\/schema\\\/person\\\/9e7660ba27bc92881ef16c6fc34ae962\"},\"headline\":\"Noc Teatr\u00f3w GZM ju\u017c po raz 16-ty!\",\"datePublished\":\"2026-08-31T11:30:00+00:00\",\"dateModified\":\"2026-08-31T12:27:46+00:00\",\"mainEntityOfPage\":{\"@id\":\"https:\\\/\\\/metropoliagzm.pl\\\/2026\\\/08\\\/31\\\/noc-teatrow-gzm-juz-po-raz-16-ty\\\/\"},\"wordCount\":1082,\"publisher\":{\"@id\":\"https:\\\/\\\/metropoliagzm.pl\\\/en\\\/#organization\"},\"image\":{\"@id\":\"https:\\\/\\\/metropoliagzm.pl\\\/2026\\\/08\\\/31\\\/noc-teatrow-gzm-juz-po-raz-16-ty\\\/#primaryimage\"},\"thumbnailUrl\":\"https:\\\/\\\/metropoliagzm.pl\\\/wp-content\\\/uploads\\\/2026\\\/08\\\/Korez.png\",\"keywords\":[\"NOC TEATR\u00d3W\",\"noc teatr\u00f3w 2026\",\"Noc Teatr\u00f3w GZM\"],\"articleSection\":[\"GZM\",\"Kultura\"],\"inLanguage\":\"en-GB\"},{\"@type\":\"WebPage\",\"@id\":\"https:\\\/\\\/metropoliagzm.pl\\\/2026\\\/08\\\/31\\\/noc-teatrow-gzm-juz-po-raz-16-ty\\\/\",\"url\":\"https:\\\/\\\/metropoliagzm.pl\\\/2026\\\/08\\\/31\\\/noc-teatrow-gzm-juz-po-raz-16-ty\\\/\",\"name\":\"Noc Teatr\u00f3w GZM ju\u017c po raz 16-ty! - Metropolia GZM\",\"isPartOf\":{\"@id\":\"https:\\\/\\\/metropoliagzm.pl\\\/en\\\/#website\"},\"primaryImageOfPage\":{\"@id\":\"https:\\\/\\\/metropoliagzm.pl\\\/2026\\\/08\\\/31\\\/noc-teatrow-gzm-juz-po-raz-16-ty\\\/#primaryimage\"},\"image\":{\"@id\":\"https:\\\/\\\/metropoliagzm.pl\\\/2026\\\/08\\\/31\\\/noc-teatrow-gzm-juz-po-raz-16-ty\\\/#primaryimage\"},\"thumbnailUrl\":\"https:\\\/\\\/metropoliagzm.pl\\\/wp-content\\\/uploads\\\/2026\\\/08\\\/Korez.png\",\"datePublished\":\"2026-08-31T11:30:00+00:00\",\"dateModified\":\"2026-08-31T12:27:46+00:00\",\"description\":\"Oficjalny portal G\u00f3rno\u015bl\u0105sko-Zag\u0142\u0119biowskiej Metropolii\",\"breadcrumb\":{\"@id\":\"https:\\\/\\\/metropoliagzm.pl\\\/2026\\\/08\\\/31\\\/noc-teatrow-gzm-juz-po-raz-16-ty\\\/#breadcrumb\"},\"inLanguage\":\"en-GB\",\"potentialAction\":[{\"@type\":\"ReadAction\",\"target\":[\"https:\\\/\\\/metropoliagzm.pl\\\/2026\\\/08\\\/31\\\/noc-teatrow-gzm-juz-po-raz-16-ty\\\/\"]}]},{\"@type\":\"ImageObject\",\"inLanguage\":\"en-GB\",\"@id\":\"https:\\\/\\\/metropoliagzm.pl\\\/2026\\\/08\\\/31\\\/noc-teatrow-gzm-juz-po-raz-16-ty\\\/#primaryimage\",\"url\":\"https:\\\/\\\/metropoliagzm.pl\\\/wp-content\\\/uploads\\\/2026\\\/08\\\/Korez.png\",\"contentUrl\":\"https:\\\/\\\/metropoliagzm.pl\\\/wp-content\\\/uploads\\\/2026\\\/08\\\/Korez.png\",\"width\":945,\"height\":657},{\"@type\":\"BreadcrumbList\",\"@id\":\"https:\\\/\\\/metropoliagzm.pl\\\/2026\\\/08\\\/31\\\/noc-teatrow-gzm-juz-po-raz-16-ty\\\/#breadcrumb\",\"itemListElement\":[{\"@type\":\"ListItem\",\"position\":1,\"name\":\"Strona g\u0142\u00f3wna\",\"item\":\"https:\\\/\\\/metropoliagzm.pl\\\/\"},{\"@type\":\"ListItem\",\"position\":2,\"name\":\"Noc Teatr\u00f3w GZM ju\u017c po raz 16-ty!\"}]},{\"@type\":\"WebSite\",\"@id\":\"https:\\\/\\\/metropoliagzm.pl\\\/en\\\/#website\",\"url\":\"https:\\\/\\\/metropoliagzm.pl\\\/en\\\/\",\"name\":\"Metropolia GZM\",\"description\":\"Oficjalny portal G\u00f3rno\u015bl\u0105sko-Zag\u0142\u0119biowskiej Metropolii\",\"publisher\":{\"@id\":\"https:\\\/\\\/metropoliagzm.pl\\\/en\\\/#organization\"},\"potentialAction\":[{\"@type\":\"SearchAction\",\"target\":{\"@type\":\"EntryPoint\",\"urlTemplate\":\"https:\\\/\\\/metropoliagzm.pl\\\/en\\\/?s={search_term_string}\"},\"query-input\":{\"@type\":\"PropertyValueSpecification\",\"valueRequired\":true,\"valueName\":\"search_term_string\"}}],\"inLanguage\":\"en-GB\"},{\"@type\":\"Organization\",\"@id\":\"https:\\\/\\\/metropoliagzm.pl\\\/en\\\/#organization\",\"name\":\"Metropolia GZM\",\"url\":\"https:\\\/\\\/metropoliagzm.pl\\\/en\\\/\",\"logo\":{\"@type\":\"ImageObject\",\"inLanguage\":\"en-GB\",\"@id\":\"https:\\\/\\\/metropoliagzm.pl\\\/en\\\/#\\\/schema\\\/logo\\\/image\\\/\",\"url\":\"https:\\\/\\\/metropoliagzm.pl\\\/wp-content\\\/uploads\\\/2019\\\/03\\\/Sygnet-strona-glowna.png\",\"contentUrl\":\"https:\\\/\\\/metropoliagzm.pl\\\/wp-content\\\/uploads\\\/2019\\\/03\\\/Sygnet-strona-glowna.png\",\"width\":36,\"height\":45,\"caption\":\"Metropolia GZM\"},\"image\":{\"@id\":\"https:\\\/\\\/metropoliagzm.pl\\\/en\\\/#\\\/schema\\\/logo\\\/image\\\/\"}},{\"@type\":\"Person\",\"@id\":\"https:\\\/\\\/metropoliagzm.pl\\\/en\\\/#\\\/schema\\\/person\\\/9e7660ba27bc92881ef16c6fc34ae962\",\"name\":\"Micha\u0142 Nowak\",\"image\":{\"@type\":\"ImageObject\",\"inLanguage\":\"en-GB\",\"@id\":\"https:\\\/\\\/secure.gravatar.com\\\/avatar\\\/2d51f070ccac4989b201dc1a42c3a6d46ff007fc5e569ff280535ab8e8122a59?s=96&d=mm&r=g\",\"url\":\"https:\\\/\\\/secure.gravatar.com\\\/avatar\\\/2d51f070ccac4989b201dc1a42c3a6d46ff007fc5e569ff280535ab8e8122a59?s=96&d=mm&r=g\",\"contentUrl\":\"https:\\\/\\\/secure.gravatar.com\\\/avatar\\\/2d51f070ccac4989b201dc1a42c3a6d46ff007fc5e569ff280535ab8e8122a59?s=96&d=mm&r=g\",\"caption\":\"Micha\u0142 Nowak\"},\"url\":\"https:\\\/\\\/metropoliagzm.pl\\\/en\\\/author\\\/michal-nowak\\\/\"}]}<\/script>\n<!-- \/ Yoast SEO plugin. -->","yoast_head_json":{"title":"Noc Teatr\u00f3w GZM ju\u017c po raz 16-ty! - Metropolia GZM","description":"Oficjalny portal G\u00f3rno\u015bl\u0105sko-Zag\u0142\u0119biowskiej Metropolii","robots":{"index":"index","follow":"follow","max-snippet":"max-snippet:-1","max-image-preview":"max-image-preview:large","max-video-preview":"max-video-preview:-1"},"canonical":"https:\/\/metropoliagzm.pl\/en\/2026\/08\/31\/noc-teatrow-gzm-juz-po-raz-16-ty\/","twitter_card":"summary_large_image","twitter_title":"Noc Teatr\u00f3w GZM ju\u017c po raz 16-ty! - Metropolia GZM","twitter_description":"Oficjalny portal G\u00f3rno\u015bl\u0105sko-Zag\u0142\u0119biowskiej Metropolii","twitter_image":"https:\/\/metropoliagzm.pl\/wp-content\/uploads\/2026\/08\/Korez.png","twitter_misc":{"Written by":"Micha\u0142 Nowak","Estimated reading time":"6 minutes"},"schema":{"@context":"https:\/\/schema.org","@graph":[{"@type":"Article","@id":"https:\/\/metropoliagzm.pl\/2026\/08\/31\/noc-teatrow-gzm-juz-po-raz-16-ty\/#article","isPartOf":{"@id":"https:\/\/metropoliagzm.pl\/2026\/08\/31\/noc-teatrow-gzm-juz-po-raz-16-ty\/"},"author":{"name":"Micha\u0142 Nowak","@id":"https:\/\/metropoliagzm.pl\/en\/#\/schema\/person\/9e7660ba27bc92881ef16c6fc34ae962"},"headline":"Noc Teatr\u00f3w GZM ju\u017c po raz 16-ty!","datePublished":"2026-08-31T11:30:00+00:00","dateModified":"2026-08-31T12:27:46+00:00","mainEntityOfPage":{"@id":"https:\/\/metropoliagzm.pl\/2026\/08\/31\/noc-teatrow-gzm-juz-po-raz-16-ty\/"},"wordCount":1082,"publisher":{"@id":"https:\/\/metropoliagzm.pl\/en\/#organization"},"image":{"@id":"https:\/\/metropoliagzm.pl\/2026\/08\/31\/noc-teatrow-gzm-juz-po-raz-16-ty\/#primaryimage"},"thumbnailUrl":"https:\/\/metropoliagzm.pl\/wp-content\/uploads\/2026\/08\/Korez.png","keywords":["NOC TEATR\u00d3W","noc teatr\u00f3w 2026","Noc Teatr\u00f3w GZM"],"articleSection":["GZM","Kultura"],"inLanguage":"en-GB"},{"@type":"WebPage","@id":"https:\/\/metropoliagzm.pl\/2026\/08\/31\/noc-teatrow-gzm-juz-po-raz-16-ty\/","url":"https:\/\/metropoliagzm.pl\/2026\/08\/31\/noc-teatrow-gzm-juz-po-raz-16-ty\/","name":"Noc Teatr\u00f3w GZM ju\u017c po raz 16-ty! - Metropolia GZM","isPartOf":{"@id":"https:\/\/metropoliagzm.pl\/en\/#website"},"primaryImageOfPage":{"@id":"https:\/\/metropoliagzm.pl\/2026\/08\/31\/noc-teatrow-gzm-juz-po-raz-16-ty\/#primaryimage"},"image":{"@id":"https:\/\/metropoliagzm.pl\/2026\/08\/31\/noc-teatrow-gzm-juz-po-raz-16-ty\/#primaryimage"},"thumbnailUrl":"https:\/\/metropoliagzm.pl\/wp-content\/uploads\/2026\/08\/Korez.png","datePublished":"2026-08-31T11:30:00+00:00","dateModified":"2026-08-31T12:27:46+00:00","description":"Oficjalny portal G\u00f3rno\u015bl\u0105sko-Zag\u0142\u0119biowskiej Metropolii","breadcrumb":{"@id":"https:\/\/metropoliagzm.pl\/2026\/08\/31\/noc-teatrow-gzm-juz-po-raz-16-ty\/#breadcrumb"},"inLanguage":"en-GB","potentialAction":[{"@type":"ReadAction","target":["https:\/\/metropoliagzm.pl\/2026\/08\/31\/noc-teatrow-gzm-juz-po-raz-16-ty\/"]}]},{"@type":"ImageObject","inLanguage":"en-GB","@id":"https:\/\/metropoliagzm.pl\/2026\/08\/31\/noc-teatrow-gzm-juz-po-raz-16-ty\/#primaryimage","url":"https:\/\/metropoliagzm.pl\/wp-content\/uploads\/2026\/08\/Korez.png","contentUrl":"https:\/\/metropoliagzm.pl\/wp-content\/uploads\/2026\/08\/Korez.png","width":945,"height":657},{"@type":"BreadcrumbList","@id":"https:\/\/metropoliagzm.pl\/2026\/08\/31\/noc-teatrow-gzm-juz-po-raz-16-ty\/#breadcrumb","itemListElement":[{"@type":"ListItem","position":1,"name":"Strona g\u0142\u00f3wna","item":"https:\/\/metropoliagzm.pl\/"},{"@type":"ListItem","position":2,"name":"Noc Teatr\u00f3w GZM ju\u017c po raz 16-ty!"}]},{"@type":"WebSite","@id":"https:\/\/metropoliagzm.pl\/en\/#website","url":"https:\/\/metropoliagzm.pl\/en\/","name":"Metropolia GZM","description":"Oficjalny portal G\u00f3rno\u015bl\u0105sko-Zag\u0142\u0119biowskiej Metropolii","publisher":{"@id":"https:\/\/metropoliagzm.pl\/en\/#organization"},"potentialAction":[{"@type":"SearchAction","target":{"@type":"EntryPoint","urlTemplate":"https:\/\/metropoliagzm.pl\/en\/?s={search_term_string}"},"query-input":{"@type":"PropertyValueSpecification","valueRequired":true,"valueName":"search_term_string"}}],"inLanguage":"en-GB"},{"@type":"Organization","@id":"https:\/\/metropoliagzm.pl\/en\/#organization","name":"Metropolia GZM","url":"https:\/\/metropoliagzm.pl\/en\/","logo":{"@type":"ImageObject","inLanguage":"en-GB","@id":"https:\/\/metropoliagzm.pl\/en\/#\/schema\/logo\/image\/","url":"https:\/\/metropoliagzm.pl\/wp-content\/uploads\/2019\/03\/Sygnet-strona-glowna.png","contentUrl":"https:\/\/metropoliagzm.pl\/wp-content\/uploads\/2019\/03\/Sygnet-strona-glowna.png","width":36,"height":45,"caption":"Metropolia GZM"},"image":{"@id":"https:\/\/metropoliagzm.pl\/en\/#\/schema\/logo\/image\/"}},{"@type":"Person","@id":"https:\/\/metropoliagzm.pl\/en\/#\/schema\/person\/9e7660ba27bc92881ef16c6fc34ae962","name":"Micha\u0142 Nowak","image":{"@type":"ImageObject","inLanguage":"en-GB","@id":"https:\/\/secure.gravatar.com\/avatar\/2d51f070ccac4989b201dc1a42c3a6d46ff007fc5e569ff280535ab8e8122a59?s=96&d=mm&r=g","url":"https:\/\/secure.gravatar.com\/avatar\/2d51f070ccac4989b201dc1a42c3a6d46ff007fc5e569ff280535ab8e8122a59?s=96&d=mm&r=g","contentUrl":"https:\/\/secure.gravatar.com\/avatar\/2d51f070ccac4989b201dc1a42c3a6d46ff007fc5e569ff280535ab8e8122a59?s=96&d=mm&r=g","caption":"Micha\u0142 Nowak"},"url":"https:\/\/metropoliagzm.pl\/en\/author\/michal-nowak\/"}]}},"_links":{"self":[{"href":"https:\/\/metropoliagzm.pl\/en\/wp-json\/wp\/v2\/posts\/48681","targetHints":{"allow":["GET"]}}],"collection":[{"href":"https:\/\/metropoliagzm.pl\/en\/wp-json\/wp\/v2\/posts"}],"about":[{"href":"https:\/\/metropoliagzm.pl\/en\/wp-json\/wp\/v2\/types\/post"}],"author":[{"embeddable":true,"href":"https:\/\/metropoliagzm.pl\/en\/wp-json\/wp\/v2\/users\/134"}],"replies":[{"embeddable":true,"href":"https:\/\/metropoliagzm.pl\/en\/wp-json\/wp\/v2\/comments?post=48681"}],"version-history":[{"count":2,"href":"https:\/\/metropoliagzm.pl\/en\/wp-json\/wp\/v2\/posts\/48681\/revisions"}],"predecessor-version":[{"id":48685,"href":"https:\/\/metropoliagzm.pl\/en\/wp-json\/wp\/v2\/posts\/48681\/revisions\/48685"}],"wp:featuredmedia":[{"embeddable":true,"href":"https:\/\/metropoliagzm.pl\/en\/wp-json\/wp\/v2\/media\/48686"}],"wp:attachment":[{"href":"https:\/\/metropoliagzm.pl\/en\/wp-json\/wp\/v2\/media?parent=48681"}],"wp:term":[{"taxonomy":"category","embeddable":true,"href":"https:\/\/metropoliagzm.pl\/en\/wp-json\/wp\/v2\/categories?post=48681"},{"taxonomy":"post_tag","embeddable":true,"href":"https:\/\/metropoliagzm.pl\/en\/wp-json\/wp\/v2\/tags?post=48681"}],"curies":[{"name":"wp","href":"https:\/\/api.w.org\/{rel}","templated":true}]}}