{"id":48687,"date":"2026-09-01T12:12:03","date_gmt":"2026-09-01T10:12:03","guid":{"rendered":"https:\/\/metropoliagzm.pl\/?p=48687"},"modified":"2026-09-01T13:14:03","modified_gmt":"2026-09-01T11:14:03","slug":"metrokolej-coraz-blizej-gzm-z-unijnym-dofinansowaniem-na-zakup-16-pociagow","status":"publish","type":"post","link":"https:\/\/metropoliagzm.pl\/en\/2026\/09\/01\/metrokolej-coraz-blizej-gzm-z-unijnym-dofinansowaniem-na-zakup-16-pociagow\/","title":{"rendered":"Metrokolej coraz bli\u017cej. GZM z unijnym dofinansowaniem na zakup 16 poci\u0105g\u00f3w"},"content":{"rendered":"<div class=\"pdf-block\"><div class=\"pdfprnt-buttons  pdfprnt-new pdfprnt-buttons-post pdfprnt-top-right\"><div class=\"jssocials-share jssocials-share-twitter\"><a target=\"_blank\" href=\"https:\/\/twitter.com\/share?url=https:\/\/metropoliagzm.pl\/en\/wp-json\/wp\/v2\/posts\/48687;text=48687\" class=\"jssocials-share-link\"><i class=\"fa fa-twitter jssocials-share-logo\"><\/i><\/a><\/div><div class=\"jssocials-share jssocials-share-facebook\"><a target=\"_blank\" href=\"https:\/\/facebook.com\/sharer\/sharer.php?u=https:\/\/metropoliagzm.pl\/en\/wp-json\/wp\/v2\/posts\/48687\" class=\"jssocials-share-link\"><i class=\"fa fa-facebook jssocials-share-logo\"><\/i><\/a><\/div><div class=\"jssocials-share jssocials-share-pinterest\"><a target=\"_blank\" href=\"https:\/\/pinterest.com\/pin\/create\/bookmarklet\/?&amp;url=https:\/\/metropoliagzm.pl\/en\/wp-json\/wp\/v2\/posts\/48687;description=48687\" class=\"jssocials-share-link\"><i class=\"fa fa-pinterest jssocials-share-logo\"><\/i><\/a><\/div><a href=\"https:\/\/metropoliagzm.pl\/en\/wp-json\/wp\/v2\/posts\/48687?print=pdf\" class=\"pdfprnt-button pdfprnt-button-pdf\" target=\"_blank\"><img decoding=\"async\" src=\"https:\/\/metropoliagzm.pl\/wp-content\/plugins\/pdf-print\/images\/pdf.png\" alt=\"image_pdf\" title=\"View PDF\" \/><\/a><a href=\"https:\/\/metropoliagzm.pl\/en\/wp-json\/wp\/v2\/posts\/48687?print=print\" class=\"pdfprnt-button pdfprnt-button-print\" target=\"_blank\"><img decoding=\"async\" src=\"https:\/\/metropoliagzm.pl\/wp-content\/plugins\/pdf-print\/images\/print.png\" alt=\"image_print\" title=\"Print Content\" \/><\/a><\/div><\/div><div class=\"post-block-pdf\"><div class=\"pdfprnt-buttons pdfprnt-buttons-post pdfprnt-top-right\"><a href=\"https:\/\/metropoliagzm.pl\/en\/wp-json\/wp\/v2\/posts\/48687?print=pdf\" class=\"pdfprnt-button pdfprnt-button-pdf\" target=\"_blank\"><img decoding=\"async\" src=\"https:\/\/metropoliagzm.pl\/wp-content\/plugins\/pdf-print\/images\/pdf.png\" alt=\"image_pdf\" title=\"View PDF\" \/><\/a><a href=\"https:\/\/metropoliagzm.pl\/en\/wp-json\/wp\/v2\/posts\/48687?print=print\" class=\"pdfprnt-button pdfprnt-button-print\" target=\"_blank\"><img decoding=\"async\" src=\"https:\/\/metropoliagzm.pl\/wp-content\/plugins\/pdf-print\/images\/print.png\" alt=\"image_print\" title=\"Print Content\" \/><\/a><\/div><p><strong>G\u00f3rno\u015bl\u0105sko-Zag\u0142\u0119biowska Metropolia otrzyma ponad 321,4 mln z\u0142 unijnego dofinansowania na zakup 16 nowoczesnych poci\u0105g\u00f3w. To pierwszy w historii GZM zakup w\u0142asnego taboru kolejowego. Nowe pojazdy maj\u0105 sta\u0107 si\u0119 trzonem Metrokolei \u2013 planowanego systemu szybkich i cz\u0119stych po\u0142\u0105cze\u0144 kolejowych w Metropolii.<\/strong><\/p>\n<p>Centrum Unijnych Projekt\u00f3w Transportowych zako\u0144czy\u0142o ocen\u0119 wniosk\u00f3w w konkursie \u201eZakup zeroemisyjnego taboru kolejowego do przewoz\u00f3w pasa\u017cerskich\u201d, realizowanym w ramach programu Fundusze Europejskie na Infrastruktur\u0119, Klimat i \u015arodowisko 2021\u20132027. Projekt G\u00f3rno\u015bl\u0105sko-Zag\u0142\u0119biowskiej Metropolii zosta\u0142 wybrany do dofinansowania.<\/p>\n<p>\u2013 <em>To jeden z najwa\u017cniejszych moment\u00f3w w historii GZM i jednocze\u015bnie bardzo konkretny krok w stron\u0119 Metrokolei. Po raz pierwszy kupujemy w\u0142asne poci\u0105gi, kt\u00f3re b\u0119d\u0105 cz\u0119\u015bci\u0105 zintegrowanego systemu transportowego Metropolii. Chcemy, by mieszka\u0144cy naszej Metropolii i ca\u0142ego regionu szybko, bezpiecznie i wygodnie mogli przemieszcza\u0107 si\u0119 mi\u0119dzy miastami <\/em>\u2013 m\u00f3wi Leszek Pietraszek, przewodnicz\u0105cy zarz\u0105du GZM.<\/p>\n<p>Projekt \u201eZeroemisyjny tabor kolejowy dla G\u00f3rno\u015bl\u0105sko-Zag\u0142\u0119biowskiej Metropolii\u201d zak\u0142ada zakup 16 elektrycznych zespo\u0142\u00f3w trakcyjnych (EZT). Ca\u0142kowita warto\u015b\u0107 projektu wynosi 806,9 mln z\u0142, z czego wydatki kwalifikowane to 656,05 mln z\u0142. Przyznane dofinansowanie ze \u015brodk\u00f3w Unii Europejskiej wynosi 321,46 mln z\u0142.<\/p>\n<h2><strong>W stron\u0119 transportu przysz\u0142o\u015bci<\/strong><\/h2>\n<p>Zakup taboru jest jednym z kluczowych element\u00f3w budowy Metrokolei. GZM od kilku lat konsekwentnie wzmacnia rol\u0119 kolei w systemie transportowym Metropolii \u2013 m.in. poprzez finansowanie dodatkowych po\u0142\u0105cze\u0144 kolejowych oraz integracj\u0119 taryfow\u0105 kolei z Transportem GZM.<\/p>\n<p>Nowe poci\u0105gi maj\u0105 by\u0107 dostosowane do potrzeb wsp\u00f3\u0142czesnego transportu metropolitalnego. W planowanym standardzie znajd\u0105 si\u0119 m.in. klimatyzacja, gniazdka elektryczne, przestrze\u0144 do przewozu rower\u00f3w, strefa rodzinna, nowoczesny System Informacji Pasa\u017cerskiej oraz rozwi\u0105zania zwi\u0119kszaj\u0105ce dost\u0119pno\u015b\u0107 dla os\u00f3b z niepe\u0142nosprawno\u015bciami. Pojazdy maj\u0105 osi\u0105ga\u0107 pr\u0119dko\u015b\u0107 do 160 km\/h i pomie\u015bci\u0107 co najmniej 380 pasa\u017cer\u00f3w, w tym minimum 185 na miejscach siedz\u0105cych.<\/p>\n<p>Istotnym elementem projektu jest r\u00f3wnie\u017c integracja nowych poci\u0105g\u00f3w z pozosta\u0142ymi \u015brodkami transportu publicznego w Metropolii. Poci\u0105gi GZM maj\u0105 zosta\u0107 wyposa\u017cone m.in. w kasowniki Transportu GZM oraz system zliczania pasa\u017cer\u00f3w. Dzi\u0119ki temu kolej b\u0119dzie mog\u0142a funkcjonowa\u0107 jako integralna cz\u0119\u015b\u0107 jednego systemu transportowego \u2013 obok autobus\u00f3w, tramwaj\u00f3w, trolejbus\u00f3w i Metroroweru.<\/p>\n<p>To pierwszy w historii GZM zakup poci\u0105g\u00f3w. Do tej pory Transport GZM obejmowa\u0142 przede wszystkim autobusy, tramwaje i trolejbusy. Zakup w\u0142asnego taboru oznacza wej\u015bcie Metropolii w nowy obszar organizacji transportu publicznego i stworzenie w\u0142asnego zaplecza dla rozwijanej Metrokolei.<\/p>\n<p>Wsp\u00f3lny rozw\u00f3j kolei jest r\u00f3wnie\u017c przedmiotem wsp\u00f3\u0142pracy GZM i Wojew\u00f3dztwa \u015al\u0105skiego. W lutym tego roku obie instytucje zapowiedzia\u0142y plan wsp\u00f3lnego zakupu 32 poci\u0105g\u00f3w \u2013 po 16 dla GZM i Wojew\u00f3dztwa \u015al\u0105skiego, z mo\u017cliwo\u015bci\u0105 rozszerzenia zam\u00f3wienia o kolejnych 20 pojazd\u00f3w.<\/p>\n<div class=\"post-author\" style=\"font-size:13px\">Witold Tr\u00f3lka<\/div><\/div>","protected":false},"excerpt":{"rendered":"<p>G\u00f3rno\u015bl\u0105sko-Zag\u0142\u0119biowska Metropolia otrzyma ponad 321,4 mln z\u0142 unijnego dofinansowania na zakup 16 nowoczesnych poci\u0105g\u00f3w. To pierwszy w historii GZM zakup w\u0142asnego taboru kolejowego. Nowe pojazdy maj\u0105 sta\u0107 si\u0119 trzonem Metrokolei \u2013 planowanego systemu szybkich i cz\u0119stych po\u0142\u0105cze\u0144 kolejowych w Metropolii. Centrum Unijnych Projekt\u00f3w Transportowych zako\u0144czy\u0142o&#8230;<\/p>","protected":false},"author":140,"featured_media":47795,"comment_status":"closed","ping_status":"closed","sticky":false,"template":"","format":"standard","meta":{"_acf_changed":false,"footnotes":""},"categories":[236,237],"tags":[1702,3252,3098],"class_list":["post-48687","post","type-post","status-publish","format-standard","has-post-thumbnail","hentry","category-gzm","category-transport-publiczny","tag-kolej","tag-leszek-pietraszek","tag-metrokolej"],"acf":[],"yoast_head":"<!-- This site is optimized with the Yoast SEO plugin v28.2 - https:\/\/yoast.com\/product\/yoast-seo-wordpress\/ -->\n<title>Metrokolej coraz bli\u017cej. GZM z unijnym dofinansowaniem na zakup 16 poci\u0105g\u00f3w - Metropolia GZM<\/title>\n<meta name=\"description\" content=\"Oficjalny portal G\u00f3rno\u015bl\u0105sko-Zag\u0142\u0119biowskiej Metropolii\" \/>\n<meta name=\"robots\" content=\"index, follow, max-snippet:-1, max-image-preview:large, max-video-preview:-1\" \/>\n<link rel=\"canonical\" href=\"https:\/\/metropoliagzm.pl\/en\/2026\/09\/01\/metrokolej-coraz-blizej-gzm-z-unijnym-dofinansowaniem-na-zakup-16-pociagow\/\" \/>\n<meta name=\"twitter:card\" content=\"summary_large_image\" \/>\n<meta name=\"twitter:title\" content=\"Metrokolej coraz bli\u017cej. GZM z unijnym dofinansowaniem na zakup 16 poci\u0105g\u00f3w - Metropolia GZM\" \/>\n<meta name=\"twitter:description\" content=\"Oficjalny portal G\u00f3rno\u015bl\u0105sko-Zag\u0142\u0119biowskiej Metropolii\" \/>\n<meta name=\"twitter:image\" content=\"https:\/\/metropoliagzm.pl\/wp-content\/uploads\/2026\/02\/pociag_strone_intern_v1.jpg\" \/>\n<meta name=\"twitter:label1\" content=\"Written by\" \/>\n\t<meta name=\"twitter:data1\" content=\"Witold Tr\u00f3lka\" \/>\n\t<meta name=\"twitter:label2\" content=\"Estimated reading time\" \/>\n\t<meta name=\"twitter:data2\" content=\"3 minutes\" \/>\n<script type=\"application\/ld+json\" class=\"yoast-schema-graph\">{\"@context\":\"https:\\\/\\\/schema.org\",\"@graph\":[{\"@type\":\"Article\",\"@id\":\"https:\\\/\\\/metropoliagzm.pl\\\/2026\\\/09\\\/01\\\/metrokolej-coraz-blizej-gzm-z-unijnym-dofinansowaniem-na-zakup-16-pociagow\\\/#article\",\"isPartOf\":{\"@id\":\"https:\\\/\\\/metropoliagzm.pl\\\/2026\\\/09\\\/01\\\/metrokolej-coraz-blizej-gzm-z-unijnym-dofinansowaniem-na-zakup-16-pociagow\\\/\"},\"author\":{\"name\":\"Witold Tr\u00f3lka\",\"@id\":\"https:\\\/\\\/metropoliagzm.pl\\\/en\\\/#\\\/schema\\\/person\\\/96e19c492916cfe1ba595fd2f60d95b8\"},\"headline\":\"Metrokolej coraz bli\u017cej. GZM z unijnym dofinansowaniem na zakup 16 poci\u0105g\u00f3w\",\"datePublished\":\"2026-09-01T10:12:03+00:00\",\"dateModified\":\"2026-09-01T11:14:03+00:00\",\"mainEntityOfPage\":{\"@id\":\"https:\\\/\\\/metropoliagzm.pl\\\/2026\\\/09\\\/01\\\/metrokolej-coraz-blizej-gzm-z-unijnym-dofinansowaniem-na-zakup-16-pociagow\\\/\"},\"wordCount\":484,\"publisher\":{\"@id\":\"https:\\\/\\\/metropoliagzm.pl\\\/en\\\/#organization\"},\"image\":{\"@id\":\"https:\\\/\\\/metropoliagzm.pl\\\/2026\\\/09\\\/01\\\/metrokolej-coraz-blizej-gzm-z-unijnym-dofinansowaniem-na-zakup-16-pociagow\\\/#primaryimage\"},\"thumbnailUrl\":\"https:\\\/\\\/metropoliagzm.pl\\\/wp-content\\\/uploads\\\/2026\\\/02\\\/pociag_strone_intern_v1.jpg\",\"keywords\":[\"kolej\",\"Leszek Pietraszek\",\"metrokolej\"],\"articleSection\":[\"GZM\",\"Transport publiczny\"],\"inLanguage\":\"en-GB\"},{\"@type\":\"WebPage\",\"@id\":\"https:\\\/\\\/metropoliagzm.pl\\\/2026\\\/09\\\/01\\\/metrokolej-coraz-blizej-gzm-z-unijnym-dofinansowaniem-na-zakup-16-pociagow\\\/\",\"url\":\"https:\\\/\\\/metropoliagzm.pl\\\/2026\\\/09\\\/01\\\/metrokolej-coraz-blizej-gzm-z-unijnym-dofinansowaniem-na-zakup-16-pociagow\\\/\",\"name\":\"Metrokolej coraz bli\u017cej. GZM z unijnym dofinansowaniem na zakup 16 poci\u0105g\u00f3w - Metropolia GZM\",\"isPartOf\":{\"@id\":\"https:\\\/\\\/metropoliagzm.pl\\\/en\\\/#website\"},\"primaryImageOfPage\":{\"@id\":\"https:\\\/\\\/metropoliagzm.pl\\\/2026\\\/09\\\/01\\\/metrokolej-coraz-blizej-gzm-z-unijnym-dofinansowaniem-na-zakup-16-pociagow\\\/#primaryimage\"},\"image\":{\"@id\":\"https:\\\/\\\/metropoliagzm.pl\\\/2026\\\/09\\\/01\\\/metrokolej-coraz-blizej-gzm-z-unijnym-dofinansowaniem-na-zakup-16-pociagow\\\/#primaryimage\"},\"thumbnailUrl\":\"https:\\\/\\\/metropoliagzm.pl\\\/wp-content\\\/uploads\\\/2026\\\/02\\\/pociag_strone_intern_v1.jpg\",\"datePublished\":\"2026-09-01T10:12:03+00:00\",\"dateModified\":\"2026-09-01T11:14:03+00:00\",\"description\":\"Oficjalny portal G\u00f3rno\u015bl\u0105sko-Zag\u0142\u0119biowskiej Metropolii\",\"breadcrumb\":{\"@id\":\"https:\\\/\\\/metropoliagzm.pl\\\/2026\\\/09\\\/01\\\/metrokolej-coraz-blizej-gzm-z-unijnym-dofinansowaniem-na-zakup-16-pociagow\\\/#breadcrumb\"},\"inLanguage\":\"en-GB\",\"potentialAction\":[{\"@type\":\"ReadAction\",\"target\":[\"https:\\\/\\\/metropoliagzm.pl\\\/2026\\\/09\\\/01\\\/metrokolej-coraz-blizej-gzm-z-unijnym-dofinansowaniem-na-zakup-16-pociagow\\\/\"]}]},{\"@type\":\"ImageObject\",\"inLanguage\":\"en-GB\",\"@id\":\"https:\\\/\\\/metropoliagzm.pl\\\/2026\\\/09\\\/01\\\/metrokolej-coraz-blizej-gzm-z-unijnym-dofinansowaniem-na-zakup-16-pociagow\\\/#primaryimage\",\"url\":\"https:\\\/\\\/metropoliagzm.pl\\\/wp-content\\\/uploads\\\/2026\\\/02\\\/pociag_strone_intern_v1.jpg\",\"contentUrl\":\"https:\\\/\\\/metropoliagzm.pl\\\/wp-content\\\/uploads\\\/2026\\\/02\\\/pociag_strone_intern_v1.jpg\",\"width\":1821,\"height\":993,\"caption\":\"Grafika pogl\u0105dowa: GZM\"},{\"@type\":\"BreadcrumbList\",\"@id\":\"https:\\\/\\\/metropoliagzm.pl\\\/2026\\\/09\\\/01\\\/metrokolej-coraz-blizej-gzm-z-unijnym-dofinansowaniem-na-zakup-16-pociagow\\\/#breadcrumb\",\"itemListElement\":[{\"@type\":\"ListItem\",\"position\":1,\"name\":\"Strona g\u0142\u00f3wna\",\"item\":\"https:\\\/\\\/metropoliagzm.pl\\\/\"},{\"@type\":\"ListItem\",\"position\":2,\"name\":\"Metrokolej coraz bli\u017cej. GZM z unijnym dofinansowaniem na zakup 16 poci\u0105g\u00f3w\"}]},{\"@type\":\"WebSite\",\"@id\":\"https:\\\/\\\/metropoliagzm.pl\\\/en\\\/#website\",\"url\":\"https:\\\/\\\/metropoliagzm.pl\\\/en\\\/\",\"name\":\"Metropolia GZM\",\"description\":\"Oficjalny portal G\u00f3rno\u015bl\u0105sko-Zag\u0142\u0119biowskiej Metropolii\",\"publisher\":{\"@id\":\"https:\\\/\\\/metropoliagzm.pl\\\/en\\\/#organization\"},\"potentialAction\":[{\"@type\":\"SearchAction\",\"target\":{\"@type\":\"EntryPoint\",\"urlTemplate\":\"https:\\\/\\\/metropoliagzm.pl\\\/en\\\/?s={search_term_string}\"},\"query-input\":{\"@type\":\"PropertyValueSpecification\",\"valueRequired\":true,\"valueName\":\"search_term_string\"}}],\"inLanguage\":\"en-GB\"},{\"@type\":\"Organization\",\"@id\":\"https:\\\/\\\/metropoliagzm.pl\\\/en\\\/#organization\",\"name\":\"Metropolia GZM\",\"url\":\"https:\\\/\\\/metropoliagzm.pl\\\/en\\\/\",\"logo\":{\"@type\":\"ImageObject\",\"inLanguage\":\"en-GB\",\"@id\":\"https:\\\/\\\/metropoliagzm.pl\\\/en\\\/#\\\/schema\\\/logo\\\/image\\\/\",\"url\":\"https:\\\/\\\/metropoliagzm.pl\\\/wp-content\\\/uploads\\\/2019\\\/03\\\/Sygnet-strona-glowna.png\",\"contentUrl\":\"https:\\\/\\\/metropoliagzm.pl\\\/wp-content\\\/uploads\\\/2019\\\/03\\\/Sygnet-strona-glowna.png\",\"width\":36,\"height\":45,\"caption\":\"Metropolia GZM\"},\"image\":{\"@id\":\"https:\\\/\\\/metropoliagzm.pl\\\/en\\\/#\\\/schema\\\/logo\\\/image\\\/\"}},{\"@type\":\"Person\",\"@id\":\"https:\\\/\\\/metropoliagzm.pl\\\/en\\\/#\\\/schema\\\/person\\\/96e19c492916cfe1ba595fd2f60d95b8\",\"name\":\"Witold Tr\u00f3lka\",\"image\":{\"@type\":\"ImageObject\",\"inLanguage\":\"en-GB\",\"@id\":\"https:\\\/\\\/secure.gravatar.com\\\/avatar\\\/71e0c635e405b4a3631033f0d6f49e682b54dcd226d647737e1040a5a480d177?s=96&d=mm&r=g\",\"url\":\"https:\\\/\\\/secure.gravatar.com\\\/avatar\\\/71e0c635e405b4a3631033f0d6f49e682b54dcd226d647737e1040a5a480d177?s=96&d=mm&r=g\",\"contentUrl\":\"https:\\\/\\\/secure.gravatar.com\\\/avatar\\\/71e0c635e405b4a3631033f0d6f49e682b54dcd226d647737e1040a5a480d177?s=96&d=mm&r=g\",\"caption\":\"Witold Tr\u00f3lka\"},\"url\":\"https:\\\/\\\/metropoliagzm.pl\\\/en\\\/author\\\/w-trolka\\\/\"}]}<\/script>\n<!-- \/ Yoast SEO plugin. -->","yoast_head_json":{"title":"Metrokolej coraz bli\u017cej. GZM z unijnym dofinansowaniem na zakup 16 poci\u0105g\u00f3w - Metropolia GZM","description":"Oficjalny portal G\u00f3rno\u015bl\u0105sko-Zag\u0142\u0119biowskiej Metropolii","robots":{"index":"index","follow":"follow","max-snippet":"max-snippet:-1","max-image-preview":"max-image-preview:large","max-video-preview":"max-video-preview:-1"},"canonical":"https:\/\/metropoliagzm.pl\/en\/2026\/09\/01\/metrokolej-coraz-blizej-gzm-z-unijnym-dofinansowaniem-na-zakup-16-pociagow\/","twitter_card":"summary_large_image","twitter_title":"Metrokolej coraz bli\u017cej. GZM z unijnym dofinansowaniem na zakup 16 poci\u0105g\u00f3w - Metropolia GZM","twitter_description":"Oficjalny portal G\u00f3rno\u015bl\u0105sko-Zag\u0142\u0119biowskiej Metropolii","twitter_image":"https:\/\/metropoliagzm.pl\/wp-content\/uploads\/2026\/02\/pociag_strone_intern_v1.jpg","twitter_misc":{"Written by":"Witold Tr\u00f3lka","Estimated reading time":"3 minutes"},"schema":{"@context":"https:\/\/schema.org","@graph":[{"@type":"Article","@id":"https:\/\/metropoliagzm.pl\/2026\/09\/01\/metrokolej-coraz-blizej-gzm-z-unijnym-dofinansowaniem-na-zakup-16-pociagow\/#article","isPartOf":{"@id":"https:\/\/metropoliagzm.pl\/2026\/09\/01\/metrokolej-coraz-blizej-gzm-z-unijnym-dofinansowaniem-na-zakup-16-pociagow\/"},"author":{"name":"Witold Tr\u00f3lka","@id":"https:\/\/metropoliagzm.pl\/en\/#\/schema\/person\/96e19c492916cfe1ba595fd2f60d95b8"},"headline":"Metrokolej coraz bli\u017cej. GZM z unijnym dofinansowaniem na zakup 16 poci\u0105g\u00f3w","datePublished":"2026-09-01T10:12:03+00:00","dateModified":"2026-09-01T11:14:03+00:00","mainEntityOfPage":{"@id":"https:\/\/metropoliagzm.pl\/2026\/09\/01\/metrokolej-coraz-blizej-gzm-z-unijnym-dofinansowaniem-na-zakup-16-pociagow\/"},"wordCount":484,"publisher":{"@id":"https:\/\/metropoliagzm.pl\/en\/#organization"},"image":{"@id":"https:\/\/metropoliagzm.pl\/2026\/09\/01\/metrokolej-coraz-blizej-gzm-z-unijnym-dofinansowaniem-na-zakup-16-pociagow\/#primaryimage"},"thumbnailUrl":"https:\/\/metropoliagzm.pl\/wp-content\/uploads\/2026\/02\/pociag_strone_intern_v1.jpg","keywords":["kolej","Leszek Pietraszek","metrokolej"],"articleSection":["GZM","Transport publiczny"],"inLanguage":"en-GB"},{"@type":"WebPage","@id":"https:\/\/metropoliagzm.pl\/2026\/09\/01\/metrokolej-coraz-blizej-gzm-z-unijnym-dofinansowaniem-na-zakup-16-pociagow\/","url":"https:\/\/metropoliagzm.pl\/2026\/09\/01\/metrokolej-coraz-blizej-gzm-z-unijnym-dofinansowaniem-na-zakup-16-pociagow\/","name":"Metrokolej coraz bli\u017cej. GZM z unijnym dofinansowaniem na zakup 16 poci\u0105g\u00f3w - Metropolia GZM","isPartOf":{"@id":"https:\/\/metropoliagzm.pl\/en\/#website"},"primaryImageOfPage":{"@id":"https:\/\/metropoliagzm.pl\/2026\/09\/01\/metrokolej-coraz-blizej-gzm-z-unijnym-dofinansowaniem-na-zakup-16-pociagow\/#primaryimage"},"image":{"@id":"https:\/\/metropoliagzm.pl\/2026\/09\/01\/metrokolej-coraz-blizej-gzm-z-unijnym-dofinansowaniem-na-zakup-16-pociagow\/#primaryimage"},"thumbnailUrl":"https:\/\/metropoliagzm.pl\/wp-content\/uploads\/2026\/02\/pociag_strone_intern_v1.jpg","datePublished":"2026-09-01T10:12:03+00:00","dateModified":"2026-09-01T11:14:03+00:00","description":"Oficjalny portal G\u00f3rno\u015bl\u0105sko-Zag\u0142\u0119biowskiej Metropolii","breadcrumb":{"@id":"https:\/\/metropoliagzm.pl\/2026\/09\/01\/metrokolej-coraz-blizej-gzm-z-unijnym-dofinansowaniem-na-zakup-16-pociagow\/#breadcrumb"},"inLanguage":"en-GB","potentialAction":[{"@type":"ReadAction","target":["https:\/\/metropoliagzm.pl\/2026\/09\/01\/metrokolej-coraz-blizej-gzm-z-unijnym-dofinansowaniem-na-zakup-16-pociagow\/"]}]},{"@type":"ImageObject","inLanguage":"en-GB","@id":"https:\/\/metropoliagzm.pl\/2026\/09\/01\/metrokolej-coraz-blizej-gzm-z-unijnym-dofinansowaniem-na-zakup-16-pociagow\/#primaryimage","url":"https:\/\/metropoliagzm.pl\/wp-content\/uploads\/2026\/02\/pociag_strone_intern_v1.jpg","contentUrl":"https:\/\/metropoliagzm.pl\/wp-content\/uploads\/2026\/02\/pociag_strone_intern_v1.jpg","width":1821,"height":993,"caption":"Grafika pogl\u0105dowa: GZM"},{"@type":"BreadcrumbList","@id":"https:\/\/metropoliagzm.pl\/2026\/09\/01\/metrokolej-coraz-blizej-gzm-z-unijnym-dofinansowaniem-na-zakup-16-pociagow\/#breadcrumb","itemListElement":[{"@type":"ListItem","position":1,"name":"Strona g\u0142\u00f3wna","item":"https:\/\/metropoliagzm.pl\/"},{"@type":"ListItem","position":2,"name":"Metrokolej coraz bli\u017cej. GZM z unijnym dofinansowaniem na zakup 16 poci\u0105g\u00f3w"}]},{"@type":"WebSite","@id":"https:\/\/metropoliagzm.pl\/en\/#website","url":"https:\/\/metropoliagzm.pl\/en\/","name":"Metropolia GZM","description":"Oficjalny portal G\u00f3rno\u015bl\u0105sko-Zag\u0142\u0119biowskiej Metropolii","publisher":{"@id":"https:\/\/metropoliagzm.pl\/en\/#organization"},"potentialAction":[{"@type":"SearchAction","target":{"@type":"EntryPoint","urlTemplate":"https:\/\/metropoliagzm.pl\/en\/?s={search_term_string}"},"query-input":{"@type":"PropertyValueSpecification","valueRequired":true,"valueName":"search_term_string"}}],"inLanguage":"en-GB"},{"@type":"Organization","@id":"https:\/\/metropoliagzm.pl\/en\/#organization","name":"Metropolia GZM","url":"https:\/\/metropoliagzm.pl\/en\/","logo":{"@type":"ImageObject","inLanguage":"en-GB","@id":"https:\/\/metropoliagzm.pl\/en\/#\/schema\/logo\/image\/","url":"https:\/\/metropoliagzm.pl\/wp-content\/uploads\/2019\/03\/Sygnet-strona-glowna.png","contentUrl":"https:\/\/metropoliagzm.pl\/wp-content\/uploads\/2019\/03\/Sygnet-strona-glowna.png","width":36,"height":45,"caption":"Metropolia GZM"},"image":{"@id":"https:\/\/metropoliagzm.pl\/en\/#\/schema\/logo\/image\/"}},{"@type":"Person","@id":"https:\/\/metropoliagzm.pl\/en\/#\/schema\/person\/96e19c492916cfe1ba595fd2f60d95b8","name":"Witold Tr\u00f3lka","image":{"@type":"ImageObject","inLanguage":"en-GB","@id":"https:\/\/secure.gravatar.com\/avatar\/71e0c635e405b4a3631033f0d6f49e682b54dcd226d647737e1040a5a480d177?s=96&d=mm&r=g","url":"https:\/\/secure.gravatar.com\/avatar\/71e0c635e405b4a3631033f0d6f49e682b54dcd226d647737e1040a5a480d177?s=96&d=mm&r=g","contentUrl":"https:\/\/secure.gravatar.com\/avatar\/71e0c635e405b4a3631033f0d6f49e682b54dcd226d647737e1040a5a480d177?s=96&d=mm&r=g","caption":"Witold Tr\u00f3lka"},"url":"https:\/\/metropoliagzm.pl\/en\/author\/w-trolka\/"}]}},"_links":{"self":[{"href":"https:\/\/metropoliagzm.pl\/en\/wp-json\/wp\/v2\/posts\/48687","targetHints":{"allow":["GET"]}}],"collection":[{"href":"https:\/\/metropoliagzm.pl\/en\/wp-json\/wp\/v2\/posts"}],"about":[{"href":"https:\/\/metropoliagzm.pl\/en\/wp-json\/wp\/v2\/types\/post"}],"author":[{"embeddable":true,"href":"https:\/\/metropoliagzm.pl\/en\/wp-json\/wp\/v2\/users\/140"}],"replies":[{"embeddable":true,"href":"https:\/\/metropoliagzm.pl\/en\/wp-json\/wp\/v2\/comments?post=48687"}],"version-history":[{"count":4,"href":"https:\/\/metropoliagzm.pl\/en\/wp-json\/wp\/v2\/posts\/48687\/revisions"}],"predecessor-version":[{"id":48692,"href":"https:\/\/metropoliagzm.pl\/en\/wp-json\/wp\/v2\/posts\/48687\/revisions\/48692"}],"wp:featuredmedia":[{"embeddable":true,"href":"https:\/\/metropoliagzm.pl\/en\/wp-json\/wp\/v2\/media\/47795"}],"wp:attachment":[{"href":"https:\/\/metropoliagzm.pl\/en\/wp-json\/wp\/v2\/media?parent=48687"}],"wp:term":[{"taxonomy":"category","embeddable":true,"href":"https:\/\/metropoliagzm.pl\/en\/wp-json\/wp\/v2\/categories?post=48687"},{"taxonomy":"post_tag","embeddable":true,"href":"https:\/\/metropoliagzm.pl\/en\/wp-json\/wp\/v2\/tags?post=48687"}],"curies":[{"name":"wp","href":"https:\/\/api.w.org\/{rel}","templated":true}]}}