{"id":5686,"date":"2018-12-15T10:19:03","date_gmt":"2018-12-15T09:19:03","guid":{"rendered":"https:\/\/wpgzm.dev.euvic.pl\/?p=5686"},"modified":"2019-09-09T13:00:27","modified_gmt":"2019-09-09T11:00:27","slug":"spotkanie-z-dorocinskim","status":"publish","type":"post","link":"https:\/\/metropoliagzm.pl\/en\/2018\/12\/15\/spotkanie-z-dorocinskim\/","title":{"rendered":"Marcin Doroci\u0144ski w strefie otwartej Metropolii"},"content":{"rendered":"<div class=\"pdf-block\"><div class=\"pdfprnt-buttons  pdfprnt-new pdfprnt-buttons-post pdfprnt-top-right\"><div class=\"jssocials-share jssocials-share-twitter\"><a target=\"_blank\" href=\"https:\/\/twitter.com\/share?url=https:\/\/metropoliagzm.pl\/en\/wp-json\/wp\/v2\/posts\/5686;text=5686\" class=\"jssocials-share-link\"><i class=\"fa fa-twitter jssocials-share-logo\"><\/i><\/a><\/div><div class=\"jssocials-share jssocials-share-facebook\"><a target=\"_blank\" href=\"https:\/\/facebook.com\/sharer\/sharer.php?u=https:\/\/metropoliagzm.pl\/en\/wp-json\/wp\/v2\/posts\/5686\" class=\"jssocials-share-link\"><i class=\"fa fa-facebook jssocials-share-logo\"><\/i><\/a><\/div><div class=\"jssocials-share jssocials-share-pinterest\"><a target=\"_blank\" href=\"https:\/\/pinterest.com\/pin\/create\/bookmarklet\/?&amp;url=https:\/\/metropoliagzm.pl\/en\/wp-json\/wp\/v2\/posts\/5686;description=5686\" class=\"jssocials-share-link\"><i class=\"fa fa-pinterest jssocials-share-logo\"><\/i><\/a><\/div><a href=\"https:\/\/metropoliagzm.pl\/en\/wp-json\/wp\/v2\/posts\/5686?print=pdf\" class=\"pdfprnt-button pdfprnt-button-pdf\" target=\"_blank\"><img decoding=\"async\" src=\"https:\/\/metropoliagzm.pl\/wp-content\/plugins\/pdf-print\/images\/pdf.png\" alt=\"image_pdf\" title=\"View PDF\" \/><\/a><a href=\"https:\/\/metropoliagzm.pl\/en\/wp-json\/wp\/v2\/posts\/5686?print=print\" class=\"pdfprnt-button pdfprnt-button-print\" target=\"_blank\"><img decoding=\"async\" src=\"https:\/\/metropoliagzm.pl\/wp-content\/plugins\/pdf-print\/images\/print.png\" alt=\"image_print\" title=\"Print Content\" \/><\/a><\/div><\/div><div class=\"post-block-pdf\"><div class=\"pdfprnt-buttons pdfprnt-buttons-post pdfprnt-top-right\"><a href=\"https:\/\/metropoliagzm.pl\/en\/wp-json\/wp\/v2\/posts\/5686?print=pdf\" class=\"pdfprnt-button pdfprnt-button-pdf\" target=\"_blank\"><img decoding=\"async\" src=\"https:\/\/metropoliagzm.pl\/wp-content\/plugins\/pdf-print\/images\/pdf.png\" alt=\"image_pdf\" title=\"View PDF\" \/><\/a><a href=\"https:\/\/metropoliagzm.pl\/en\/wp-json\/wp\/v2\/posts\/5686?print=print\" class=\"pdfprnt-button pdfprnt-button-print\" target=\"_blank\"><img decoding=\"async\" src=\"https:\/\/metropoliagzm.pl\/wp-content\/plugins\/pdf-print\/images\/print.png\" alt=\"image_print\" title=\"Print Content\" \/><\/a><\/div><p><strong>Aktor Marcin Doroci\u0144ski by\u0142 go\u015bciem specjalnym podczas pokazu filmu \u201eZnikaj\u0105ca Wyspa\u201d w ramach Drzwi Otwartych Metropolii. Po projekcji odby\u0142a si\u0119 dyskusja o zmianach klimatycznych, w kt\u00f3rej wzi\u0105\u0142 udzia\u0142 r\u00f3wnie\u017c prof. Piotr Skuba\u0142a, biolog i ekolog.<\/strong><\/p>\n<p>Wprowadzeniem do rozmowy o tym jak zmienia si\u0119 klimat na ca\u0142ej kuli ziemskiej by\u0142 film\u201eZnikaj\u0105ca Wyspa\u201d. Obraz opowiada o ma\u0142ym, wyspiarskim pa\u0144stwie Kiribati,po\u0142o\u017conym na Ocenie Spokojnym. Jego mieszka\u0144cy ju\u017c teraz odczuwaj\u0105 wp\u0142yw cz\u0142owieka na przyrod\u0119, a w przysz\u0142o\u015bci wyspy mog\u0105 znikn\u0105\u0107 pod wod\u0105.<\/p>\n<p>Podczas dyskusji poruszono wiele kwestii dotycz\u0105cych tego jak ludzie na ca\u0142ym \u015bwiecie wp\u0142ywaj\u0105 na \u015brodowisko naturalne.<\/p>\n<p>&#8211; Zmiany klimatyczne s\u0105 zaawansowane, mo\u017cemy liczy\u0107 ju\u017c tylko na cud \u2013 powiedzia\u0142 prof. Piotr Skuba\u0142a.<\/p>\n<p>&#8211; Wydaje mi si\u0119, \u017ce trzeba teraz zrobi\u0107 tak, \u017ceby m\u0105drzy ludzie powiedzieli co zrobi\u0107, a ludzie, kt\u00f3rzy maj\u0105 wp\u0142yw na decyzje, pos\u0142uchali tych rad \u2013 podkre\u015bla\u0142 Marcin Doroci\u0144ski.<\/p>\n<p>Zobaczcie wideo:<\/p>\n<p><iframe loading=\"lazy\" title=\"Marcin Doroci\u0144ski w strefie otwartej Metropolii\" width=\"500\" height=\"281\" src=\"https:\/\/www.youtube.com\/embed\/8-8OLCJg82w?feature=oembed\" frameborder=\"0\" allow=\"accelerometer; autoplay; clipboard-write; encrypted-media; gyroscope; picture-in-picture; web-share\" referrerpolicy=\"strict-origin-when-cross-origin\" allowfullscreen><\/iframe><\/p>\n<p>Zastanawiano si\u0119 r\u00f3wnie\u017c co mo\u017cna zrobi\u0107, aby zahamowa\u0107 rozmiar zmian klimatycznych i zminimalizowa\u0107 ich skutki.<\/p>\n<p>&#8211; Ja najwi\u0119ksz\u0105 nadziej\u0119 widz\u0119 w ludziach \u2013 przyzna\u0142 prof. Piotr Skuba\u0142a.<\/p>\n<p>&#8211; Wszyscy musimy wzi\u0105\u0107 odpowiedzialno\u015b\u0107 za nasz\u0105 planet\u0119 \u2013 zaapelowa\u0142 Marcin Doroci\u0144ski,aktor, mocno anga\u017cuj\u0105cy si\u0119 w akcje spo\u0142eczne na rzecz ochrony \u015brodowiska.<\/p>\n<p>Obaj eksperci byli zgodni, \u017ce konieczna jest zmiana tylu \u017cycia przez ludzi na ca\u0142ym \u015bwiecie. Ka\u017cdy cz\u0142owiek mo\u017ce pom\u00f3c planecie, m.in. poprzez ograniczenie zu\u017cycia wody czy pr\u0105du, a tak\u017ce segreguj\u0105c odpady.<\/p>\n<div class=\"post-author\" style=\"font-size:13px\">admin tresc<\/div><\/div>","protected":false},"excerpt":{"rendered":"<p>Aktor Marcin Doroci\u0144ski by\u0142 go\u015bciem specjalnym podczas pokazu filmu \u201eZnikaj\u0105ca Wyspa\u201d w ramach Drzwi Otwartych Metropolii. Po projekcji odby\u0142a si\u0119 dyskusja o zmianach klimatycznych, w kt\u00f3rej wzi\u0105\u0142 udzia\u0142 r\u00f3wnie\u017c prof. Piotr Skuba\u0142a, biolog i ekolog. Wprowadzeniem do rozmowy o tym jak zmienia si\u0119 klimat na&#8230;<\/p>","protected":false},"author":161,"featured_media":8710,"comment_status":"closed","ping_status":"closed","sticky":false,"template":"","format":"standard","meta":{"_acf_changed":false,"footnotes":""},"categories":[236,242],"tags":[657,630],"class_list":["post-5686","post","type-post","status-publish","format-standard","has-post-thumbnail","hentry","category-gzm","category-mieszkancy","tag-ochrona-srodowiska","tag-szczyt-klimatyczny-cop"],"acf":[],"yoast_head":"<!-- This site is optimized with the Yoast SEO plugin v27.4 - https:\/\/yoast.com\/product\/yoast-seo-wordpress\/ -->\n<title>Marcin Doroci\u0144ski w strefie otwartej Metropolii - Metropolia GZM<\/title>\n<meta name=\"description\" content=\"Oficjalny portal G\u00f3rno\u015bl\u0105sko-Zag\u0142\u0119biowskiej Metropolii\" \/>\n<meta name=\"robots\" content=\"index, follow, max-snippet:-1, max-image-preview:large, max-video-preview:-1\" \/>\n<link rel=\"canonical\" href=\"https:\/\/metropoliagzm.pl\/en\/2018\/12\/15\/spotkanie-z-dorocinskim\/\" \/>\n<meta name=\"twitter:card\" content=\"summary_large_image\" \/>\n<meta name=\"twitter:title\" content=\"Marcin Doroci\u0144ski w strefie otwartej Metropolii - Metropolia GZM\" \/>\n<meta name=\"twitter:description\" content=\"Oficjalny portal G\u00f3rno\u015bl\u0105sko-Zag\u0142\u0119biowskiej Metropolii\" \/>\n<meta name=\"twitter:image\" content=\"https:\/\/metropoliagzm.pl\/wp-content\/uploads\/2018\/12\/48053144_1167483766736234_7010910936735154176_o.jpg\" \/>\n<meta name=\"twitter:label1\" content=\"Written by\" \/>\n\t<meta name=\"twitter:data1\" content=\"admin tresc\" \/>\n\t<meta name=\"twitter:label2\" content=\"Estimated reading time\" \/>\n\t<meta name=\"twitter:data2\" content=\"1 minute\" \/>\n<script type=\"application\/ld+json\" class=\"yoast-schema-graph\">{\"@context\":\"https:\\\/\\\/schema.org\",\"@graph\":[{\"@type\":\"Article\",\"@id\":\"https:\\\/\\\/metropoliagzm.pl\\\/en\\\/2018\\\/12\\\/15\\\/spotkanie-z-dorocinskim\\\/#article\",\"isPartOf\":{\"@id\":\"https:\\\/\\\/metropoliagzm.pl\\\/en\\\/2018\\\/12\\\/15\\\/spotkanie-z-dorocinskim\\\/\"},\"author\":{\"name\":\"admin tresc\",\"@id\":\"https:\\\/\\\/metropoliagzm.pl\\\/en\\\/#\\\/schema\\\/person\\\/712bb1c4a872e1b72648e55652806f7d\"},\"headline\":\"Marcin Doroci\u0144ski w strefie otwartej Metropolii\",\"datePublished\":\"2018-12-15T09:19:03+00:00\",\"dateModified\":\"2019-09-09T11:00:27+00:00\",\"mainEntityOfPage\":{\"@id\":\"https:\\\/\\\/metropoliagzm.pl\\\/en\\\/2018\\\/12\\\/15\\\/spotkanie-z-dorocinskim\\\/\"},\"wordCount\":287,\"publisher\":{\"@id\":\"https:\\\/\\\/metropoliagzm.pl\\\/en\\\/#organization\"},\"image\":{\"@id\":\"https:\\\/\\\/metropoliagzm.pl\\\/en\\\/2018\\\/12\\\/15\\\/spotkanie-z-dorocinskim\\\/#primaryimage\"},\"thumbnailUrl\":\"https:\\\/\\\/metropoliagzm.pl\\\/wp-content\\\/uploads\\\/2018\\\/12\\\/48053144_1167483766736234_7010910936735154176_o.jpg\",\"keywords\":[\"ochrona \u015brodowiska\",\"SZCZYT KLIMATYCZNY COP\"],\"articleSection\":[\"GZM\",\"Mieszka\u0144cy\"],\"inLanguage\":\"en-GB\"},{\"@type\":\"WebPage\",\"@id\":\"https:\\\/\\\/metropoliagzm.pl\\\/en\\\/2018\\\/12\\\/15\\\/spotkanie-z-dorocinskim\\\/\",\"url\":\"https:\\\/\\\/metropoliagzm.pl\\\/en\\\/2018\\\/12\\\/15\\\/spotkanie-z-dorocinskim\\\/\",\"name\":\"Marcin Doroci\u0144ski w strefie otwartej Metropolii - Metropolia GZM\",\"isPartOf\":{\"@id\":\"https:\\\/\\\/metropoliagzm.pl\\\/en\\\/#website\"},\"primaryImageOfPage\":{\"@id\":\"https:\\\/\\\/metropoliagzm.pl\\\/en\\\/2018\\\/12\\\/15\\\/spotkanie-z-dorocinskim\\\/#primaryimage\"},\"image\":{\"@id\":\"https:\\\/\\\/metropoliagzm.pl\\\/en\\\/2018\\\/12\\\/15\\\/spotkanie-z-dorocinskim\\\/#primaryimage\"},\"thumbnailUrl\":\"https:\\\/\\\/metropoliagzm.pl\\\/wp-content\\\/uploads\\\/2018\\\/12\\\/48053144_1167483766736234_7010910936735154176_o.jpg\",\"datePublished\":\"2018-12-15T09:19:03+00:00\",\"dateModified\":\"2019-09-09T11:00:27+00:00\",\"description\":\"Oficjalny portal G\u00f3rno\u015bl\u0105sko-Zag\u0142\u0119biowskiej Metropolii\",\"breadcrumb\":{\"@id\":\"https:\\\/\\\/metropoliagzm.pl\\\/en\\\/2018\\\/12\\\/15\\\/spotkanie-z-dorocinskim\\\/#breadcrumb\"},\"inLanguage\":\"en-GB\",\"potentialAction\":[{\"@type\":\"ReadAction\",\"target\":[\"https:\\\/\\\/metropoliagzm.pl\\\/en\\\/2018\\\/12\\\/15\\\/spotkanie-z-dorocinskim\\\/\"]}]},{\"@type\":\"ImageObject\",\"inLanguage\":\"en-GB\",\"@id\":\"https:\\\/\\\/metropoliagzm.pl\\\/en\\\/2018\\\/12\\\/15\\\/spotkanie-z-dorocinskim\\\/#primaryimage\",\"url\":\"https:\\\/\\\/metropoliagzm.pl\\\/wp-content\\\/uploads\\\/2018\\\/12\\\/48053144_1167483766736234_7010910936735154176_o.jpg\",\"contentUrl\":\"https:\\\/\\\/metropoliagzm.pl\\\/wp-content\\\/uploads\\\/2018\\\/12\\\/48053144_1167483766736234_7010910936735154176_o.jpg\",\"width\":2045,\"height\":1365,\"caption\":\"Marcin Doroci\u0144ski \\\/ Fot. W. Mateusiak, GZM\"},{\"@type\":\"BreadcrumbList\",\"@id\":\"https:\\\/\\\/metropoliagzm.pl\\\/en\\\/2018\\\/12\\\/15\\\/spotkanie-z-dorocinskim\\\/#breadcrumb\",\"itemListElement\":[{\"@type\":\"ListItem\",\"position\":1,\"name\":\"Strona g\u0142\u00f3wna\",\"item\":\"https:\\\/\\\/metropoliagzm.pl\\\/\"},{\"@type\":\"ListItem\",\"position\":2,\"name\":\"Marcin Doroci\u0144ski w strefie otwartej Metropolii\"}]},{\"@type\":\"WebSite\",\"@id\":\"https:\\\/\\\/metropoliagzm.pl\\\/en\\\/#website\",\"url\":\"https:\\\/\\\/metropoliagzm.pl\\\/en\\\/\",\"name\":\"Metropolia GZM\",\"description\":\"Oficjalny portal G\u00f3rno\u015bl\u0105sko-Zag\u0142\u0119biowskiej Metropolii\",\"publisher\":{\"@id\":\"https:\\\/\\\/metropoliagzm.pl\\\/en\\\/#organization\"},\"potentialAction\":[{\"@type\":\"SearchAction\",\"target\":{\"@type\":\"EntryPoint\",\"urlTemplate\":\"https:\\\/\\\/metropoliagzm.pl\\\/en\\\/?s={search_term_string}\"},\"query-input\":{\"@type\":\"PropertyValueSpecification\",\"valueRequired\":true,\"valueName\":\"search_term_string\"}}],\"inLanguage\":\"en-GB\"},{\"@type\":\"Organization\",\"@id\":\"https:\\\/\\\/metropoliagzm.pl\\\/en\\\/#organization\",\"name\":\"Metropolia GZM\",\"url\":\"https:\\\/\\\/metropoliagzm.pl\\\/en\\\/\",\"logo\":{\"@type\":\"ImageObject\",\"inLanguage\":\"en-GB\",\"@id\":\"https:\\\/\\\/metropoliagzm.pl\\\/en\\\/#\\\/schema\\\/logo\\\/image\\\/\",\"url\":\"https:\\\/\\\/metropoliagzm.pl\\\/wp-content\\\/uploads\\\/2019\\\/03\\\/Sygnet-strona-glowna.png\",\"contentUrl\":\"https:\\\/\\\/metropoliagzm.pl\\\/wp-content\\\/uploads\\\/2019\\\/03\\\/Sygnet-strona-glowna.png\",\"width\":36,\"height\":45,\"caption\":\"Metropolia GZM\"},\"image\":{\"@id\":\"https:\\\/\\\/metropoliagzm.pl\\\/en\\\/#\\\/schema\\\/logo\\\/image\\\/\"}},{\"@type\":\"Person\",\"@id\":\"https:\\\/\\\/metropoliagzm.pl\\\/en\\\/#\\\/schema\\\/person\\\/712bb1c4a872e1b72648e55652806f7d\",\"name\":\"admin tresc\",\"image\":{\"@type\":\"ImageObject\",\"inLanguage\":\"en-GB\",\"@id\":\"https:\\\/\\\/secure.gravatar.com\\\/avatar\\\/d1ed798cbfa2133b397541ff1b8c62fb7e7bf0204041234607b01e0285e8fbc5?s=96&d=mm&r=g\",\"url\":\"https:\\\/\\\/secure.gravatar.com\\\/avatar\\\/d1ed798cbfa2133b397541ff1b8c62fb7e7bf0204041234607b01e0285e8fbc5?s=96&d=mm&r=g\",\"contentUrl\":\"https:\\\/\\\/secure.gravatar.com\\\/avatar\\\/d1ed798cbfa2133b397541ff1b8c62fb7e7bf0204041234607b01e0285e8fbc5?s=96&d=mm&r=g\",\"caption\":\"admin tresc\"},\"url\":\"https:\\\/\\\/metropoliagzm.pl\\\/en\\\/author\\\/admin_tresc\\\/\"}]}<\/script>\n<!-- \/ Yoast SEO plugin. -->","yoast_head_json":{"title":"Marcin Doroci\u0144ski w strefie otwartej Metropolii - Metropolia GZM","description":"Oficjalny portal G\u00f3rno\u015bl\u0105sko-Zag\u0142\u0119biowskiej Metropolii","robots":{"index":"index","follow":"follow","max-snippet":"max-snippet:-1","max-image-preview":"max-image-preview:large","max-video-preview":"max-video-preview:-1"},"canonical":"https:\/\/metropoliagzm.pl\/en\/2018\/12\/15\/spotkanie-z-dorocinskim\/","twitter_card":"summary_large_image","twitter_title":"Marcin Doroci\u0144ski w strefie otwartej Metropolii - Metropolia GZM","twitter_description":"Oficjalny portal G\u00f3rno\u015bl\u0105sko-Zag\u0142\u0119biowskiej Metropolii","twitter_image":"https:\/\/metropoliagzm.pl\/wp-content\/uploads\/2018\/12\/48053144_1167483766736234_7010910936735154176_o.jpg","twitter_misc":{"Written by":"admin tresc","Estimated reading time":"1 minute"},"schema":{"@context":"https:\/\/schema.org","@graph":[{"@type":"Article","@id":"https:\/\/metropoliagzm.pl\/en\/2018\/12\/15\/spotkanie-z-dorocinskim\/#article","isPartOf":{"@id":"https:\/\/metropoliagzm.pl\/en\/2018\/12\/15\/spotkanie-z-dorocinskim\/"},"author":{"name":"admin tresc","@id":"https:\/\/metropoliagzm.pl\/en\/#\/schema\/person\/712bb1c4a872e1b72648e55652806f7d"},"headline":"Marcin Doroci\u0144ski w strefie otwartej Metropolii","datePublished":"2018-12-15T09:19:03+00:00","dateModified":"2019-09-09T11:00:27+00:00","mainEntityOfPage":{"@id":"https:\/\/metropoliagzm.pl\/en\/2018\/12\/15\/spotkanie-z-dorocinskim\/"},"wordCount":287,"publisher":{"@id":"https:\/\/metropoliagzm.pl\/en\/#organization"},"image":{"@id":"https:\/\/metropoliagzm.pl\/en\/2018\/12\/15\/spotkanie-z-dorocinskim\/#primaryimage"},"thumbnailUrl":"https:\/\/metropoliagzm.pl\/wp-content\/uploads\/2018\/12\/48053144_1167483766736234_7010910936735154176_o.jpg","keywords":["ochrona \u015brodowiska","SZCZYT KLIMATYCZNY COP"],"articleSection":["GZM","Mieszka\u0144cy"],"inLanguage":"en-GB"},{"@type":"WebPage","@id":"https:\/\/metropoliagzm.pl\/en\/2018\/12\/15\/spotkanie-z-dorocinskim\/","url":"https:\/\/metropoliagzm.pl\/en\/2018\/12\/15\/spotkanie-z-dorocinskim\/","name":"Marcin Doroci\u0144ski w strefie otwartej Metropolii - Metropolia GZM","isPartOf":{"@id":"https:\/\/metropoliagzm.pl\/en\/#website"},"primaryImageOfPage":{"@id":"https:\/\/metropoliagzm.pl\/en\/2018\/12\/15\/spotkanie-z-dorocinskim\/#primaryimage"},"image":{"@id":"https:\/\/metropoliagzm.pl\/en\/2018\/12\/15\/spotkanie-z-dorocinskim\/#primaryimage"},"thumbnailUrl":"https:\/\/metropoliagzm.pl\/wp-content\/uploads\/2018\/12\/48053144_1167483766736234_7010910936735154176_o.jpg","datePublished":"2018-12-15T09:19:03+00:00","dateModified":"2019-09-09T11:00:27+00:00","description":"Oficjalny portal G\u00f3rno\u015bl\u0105sko-Zag\u0142\u0119biowskiej Metropolii","breadcrumb":{"@id":"https:\/\/metropoliagzm.pl\/en\/2018\/12\/15\/spotkanie-z-dorocinskim\/#breadcrumb"},"inLanguage":"en-GB","potentialAction":[{"@type":"ReadAction","target":["https:\/\/metropoliagzm.pl\/en\/2018\/12\/15\/spotkanie-z-dorocinskim\/"]}]},{"@type":"ImageObject","inLanguage":"en-GB","@id":"https:\/\/metropoliagzm.pl\/en\/2018\/12\/15\/spotkanie-z-dorocinskim\/#primaryimage","url":"https:\/\/metropoliagzm.pl\/wp-content\/uploads\/2018\/12\/48053144_1167483766736234_7010910936735154176_o.jpg","contentUrl":"https:\/\/metropoliagzm.pl\/wp-content\/uploads\/2018\/12\/48053144_1167483766736234_7010910936735154176_o.jpg","width":2045,"height":1365,"caption":"Marcin Doroci\u0144ski \/ Fot. W. Mateusiak, GZM"},{"@type":"BreadcrumbList","@id":"https:\/\/metropoliagzm.pl\/en\/2018\/12\/15\/spotkanie-z-dorocinskim\/#breadcrumb","itemListElement":[{"@type":"ListItem","position":1,"name":"Strona g\u0142\u00f3wna","item":"https:\/\/metropoliagzm.pl\/"},{"@type":"ListItem","position":2,"name":"Marcin Doroci\u0144ski w strefie otwartej Metropolii"}]},{"@type":"WebSite","@id":"https:\/\/metropoliagzm.pl\/en\/#website","url":"https:\/\/metropoliagzm.pl\/en\/","name":"Metropolia GZM","description":"Oficjalny portal G\u00f3rno\u015bl\u0105sko-Zag\u0142\u0119biowskiej Metropolii","publisher":{"@id":"https:\/\/metropoliagzm.pl\/en\/#organization"},"potentialAction":[{"@type":"SearchAction","target":{"@type":"EntryPoint","urlTemplate":"https:\/\/metropoliagzm.pl\/en\/?s={search_term_string}"},"query-input":{"@type":"PropertyValueSpecification","valueRequired":true,"valueName":"search_term_string"}}],"inLanguage":"en-GB"},{"@type":"Organization","@id":"https:\/\/metropoliagzm.pl\/en\/#organization","name":"Metropolia GZM","url":"https:\/\/metropoliagzm.pl\/en\/","logo":{"@type":"ImageObject","inLanguage":"en-GB","@id":"https:\/\/metropoliagzm.pl\/en\/#\/schema\/logo\/image\/","url":"https:\/\/metropoliagzm.pl\/wp-content\/uploads\/2019\/03\/Sygnet-strona-glowna.png","contentUrl":"https:\/\/metropoliagzm.pl\/wp-content\/uploads\/2019\/03\/Sygnet-strona-glowna.png","width":36,"height":45,"caption":"Metropolia GZM"},"image":{"@id":"https:\/\/metropoliagzm.pl\/en\/#\/schema\/logo\/image\/"}},{"@type":"Person","@id":"https:\/\/metropoliagzm.pl\/en\/#\/schema\/person\/712bb1c4a872e1b72648e55652806f7d","name":"admin tresc","image":{"@type":"ImageObject","inLanguage":"en-GB","@id":"https:\/\/secure.gravatar.com\/avatar\/d1ed798cbfa2133b397541ff1b8c62fb7e7bf0204041234607b01e0285e8fbc5?s=96&d=mm&r=g","url":"https:\/\/secure.gravatar.com\/avatar\/d1ed798cbfa2133b397541ff1b8c62fb7e7bf0204041234607b01e0285e8fbc5?s=96&d=mm&r=g","contentUrl":"https:\/\/secure.gravatar.com\/avatar\/d1ed798cbfa2133b397541ff1b8c62fb7e7bf0204041234607b01e0285e8fbc5?s=96&d=mm&r=g","caption":"admin tresc"},"url":"https:\/\/metropoliagzm.pl\/en\/author\/admin_tresc\/"}]}},"_links":{"self":[{"href":"https:\/\/metropoliagzm.pl\/en\/wp-json\/wp\/v2\/posts\/5686","targetHints":{"allow":["GET"]}}],"collection":[{"href":"https:\/\/metropoliagzm.pl\/en\/wp-json\/wp\/v2\/posts"}],"about":[{"href":"https:\/\/metropoliagzm.pl\/en\/wp-json\/wp\/v2\/types\/post"}],"author":[{"embeddable":true,"href":"https:\/\/metropoliagzm.pl\/en\/wp-json\/wp\/v2\/users\/161"}],"replies":[{"embeddable":true,"href":"https:\/\/metropoliagzm.pl\/en\/wp-json\/wp\/v2\/comments?post=5686"}],"version-history":[{"count":2,"href":"https:\/\/metropoliagzm.pl\/en\/wp-json\/wp\/v2\/posts\/5686\/revisions"}],"predecessor-version":[{"id":8711,"href":"https:\/\/metropoliagzm.pl\/en\/wp-json\/wp\/v2\/posts\/5686\/revisions\/8711"}],"wp:featuredmedia":[{"embeddable":true,"href":"https:\/\/metropoliagzm.pl\/en\/wp-json\/wp\/v2\/media\/8710"}],"wp:attachment":[{"href":"https:\/\/metropoliagzm.pl\/en\/wp-json\/wp\/v2\/media?parent=5686"}],"wp:term":[{"taxonomy":"category","embeddable":true,"href":"https:\/\/metropoliagzm.pl\/en\/wp-json\/wp\/v2\/categories?post=5686"},{"taxonomy":"post_tag","embeddable":true,"href":"https:\/\/metropoliagzm.pl\/en\/wp-json\/wp\/v2\/tags?post=5686"}],"curies":[{"name":"wp","href":"https:\/\/api.w.org\/{rel}","templated":true}]}}