{"id":9471,"date":"2019-05-16T08:22:29","date_gmt":"2019-05-16T06:22:29","guid":{"rendered":"https:\/\/wpgzm.dev.euvic.pl\/?p=9471"},"modified":"2019-09-06T16:05:15","modified_gmt":"2019-09-06T14:05:15","slug":"tyskie-zywioly-w-czerwcu-w-tychach","status":"publish","type":"post","link":"https:\/\/metropoliagzm.pl\/en\/2019\/05\/16\/tyskie-zywioly-w-czerwcu-w-tychach\/","title":{"rendered":"\u201eTyskie \u017bywio\u0142y\u201d w czerwcu w Tychach"},"content":{"rendered":"<div class=\"pdf-block\"><div class=\"pdfprnt-buttons  pdfprnt-new pdfprnt-buttons-post pdfprnt-top-right\"><div class=\"jssocials-share jssocials-share-twitter\"><a target=\"_blank\" href=\"https:\/\/twitter.com\/share?url=https:\/\/metropoliagzm.pl\/en\/wp-json\/wp\/v2\/posts\/9471;text=9471\" class=\"jssocials-share-link\"><i class=\"fa fa-twitter jssocials-share-logo\"><\/i><\/a><\/div><div class=\"jssocials-share jssocials-share-facebook\"><a target=\"_blank\" href=\"https:\/\/facebook.com\/sharer\/sharer.php?u=https:\/\/metropoliagzm.pl\/en\/wp-json\/wp\/v2\/posts\/9471\" class=\"jssocials-share-link\"><i class=\"fa fa-facebook jssocials-share-logo\"><\/i><\/a><\/div><div class=\"jssocials-share jssocials-share-pinterest\"><a target=\"_blank\" href=\"https:\/\/pinterest.com\/pin\/create\/bookmarklet\/?&amp;url=https:\/\/metropoliagzm.pl\/en\/wp-json\/wp\/v2\/posts\/9471;description=9471\" class=\"jssocials-share-link\"><i class=\"fa fa-pinterest jssocials-share-logo\"><\/i><\/a><\/div><a href=\"https:\/\/metropoliagzm.pl\/en\/wp-json\/wp\/v2\/posts\/9471?print=pdf\" class=\"pdfprnt-button pdfprnt-button-pdf\" target=\"_blank\"><img decoding=\"async\" src=\"https:\/\/metropoliagzm.pl\/wp-content\/plugins\/pdf-print\/images\/pdf.png\" alt=\"image_pdf\" title=\"View PDF\" \/><\/a><a href=\"https:\/\/metropoliagzm.pl\/en\/wp-json\/wp\/v2\/posts\/9471?print=print\" class=\"pdfprnt-button pdfprnt-button-print\" target=\"_blank\"><img decoding=\"async\" src=\"https:\/\/metropoliagzm.pl\/wp-content\/plugins\/pdf-print\/images\/print.png\" alt=\"image_print\" title=\"Print Content\" \/><\/a><\/div><\/div><div class=\"post-block-pdf\"><div class=\"pdfprnt-buttons pdfprnt-buttons-post pdfprnt-top-right\"><a href=\"https:\/\/metropoliagzm.pl\/en\/wp-json\/wp\/v2\/posts\/9471?print=pdf\" class=\"pdfprnt-button pdfprnt-button-pdf\" target=\"_blank\"><img decoding=\"async\" src=\"https:\/\/metropoliagzm.pl\/wp-content\/plugins\/pdf-print\/images\/pdf.png\" alt=\"image_pdf\" title=\"View PDF\" \/><\/a><a href=\"https:\/\/metropoliagzm.pl\/en\/wp-json\/wp\/v2\/posts\/9471?print=print\" class=\"pdfprnt-button pdfprnt-button-print\" target=\"_blank\"><img decoding=\"async\" src=\"https:\/\/metropoliagzm.pl\/wp-content\/plugins\/pdf-print\/images\/print.png\" alt=\"image_print\" title=\"Print Content\" \/><\/a><\/div>\n<p><strong>8 czerwca Tychami zaw\u0142adn\u0105 \u017cywio\u0142y\u2026&nbsp; \u201eTyskie \u017cywio\u0142y\u201d. W\u0142a\u015bnie pod taki has\u0142em odb\u0119dzie si\u0119 festiwal edukacji ekologicznej, kt\u00f3ry po raz&nbsp; trzeci organizuje miasto Tychy. <\/strong><\/p>\n\n\n\n<p>Tym razem jednak festiwal zmienia lokalizacj\u0119 i odb\u0119dzie si\u0119 na tzw. Dzikiej Pla\u017cy w Paprocanach. Impreza za trzy tygodnie &#8211;&nbsp; ju\u017c teraz ruszaj\u0105 jednak zapisy do udzia\u0142u w organizowanych podczas festiwalu warsztatach. <\/p>\n\n\n\n<p>Tegoroczne \u201eTyskie \u017bywio\u0142y\u201d po\u015bwi\u0119cone s\u0105 w g\u0142\u00f3wnej mierze\nprzyrodzie, a \u015bci\u015blej relacjom cz\u0142owieka z przyrod\u0105 w dobie kryzysu klimatycznego. <\/p>\n\n\n\n<p><em>&#8211; W ramach stanowisk festiwalowych, pochylimy si<\/em><em>\u0119<\/em><em> nad konieczno<\/em><em>\u015b<\/em><em>ci<\/em><em>\u0105<\/em><em> ograniczania odpad<\/em><em>\u00f3<\/em><em>w (filozofi<\/em><em>\u0105<\/em><em> zero-waste,\nless-waste), nad nisk<\/em><em>\u0105<\/em><em> emisj<\/em><em>\u0105<\/em><em> i naszym wp<\/em><em>\u0142<\/em><em>ywem na jako<\/em><em>\u015b\u0107<\/em><em> powietrza oraz nad zasobami wody <\/em><em>\u2013<\/em><em> bardzo niskimi w Polsce na tle Europy (1600 m3\/mieszka<\/em><em>\u0144<\/em><em>ca rocznie <\/em><em>\u2013<\/em><em> w Polsce, a 4560\nm3\/mieszka<\/em><em>\u0144<\/em><em>ca <\/em><em>\u2013<\/em><em> w Europie). Na chwil<\/em><em>\u0119<\/em><em> zatrzymamy si<\/em><em>\u0119<\/em><em> r<\/em><em>\u00f3<\/em><em>wnie<\/em><em>\u017c<\/em><em> na czwartym <\/em><em>\u017c<\/em><em>ywiole <\/em><em>\u2013<\/em><em> ogniu <\/em><em>\u2013<\/em><em> w wymiarze symbolicznym <\/em><em>\u2013<\/em><em> przy wielkim ognisku z opowie<\/em><em>\u015b<\/em><em>ci<\/em><em>\u0105<\/em><em> s<\/em><em>\u0142<\/em><em>owia<\/em><em>\u0144<\/em><em>sk<\/em><em>\u0105<\/em><em>, kt<\/em><em>\u00f3<\/em><em>r<\/em><em>\u0105<\/em><em> poprowadzi dla nas Anna Kura z Muzeum Miejskiego &#8211;<\/em> m\u00f3wi <strong>Katarzyna Palka z&nbsp; Wydzia<\/strong><strong>\u0142<\/strong><strong>u Informacji, Promocji i Wsp<\/strong><strong>\u00f3\u0142<\/strong><strong>pracy z Zagranic<\/strong><strong>\u0105<\/strong><strong>.<\/strong><\/p>\n\n\n\n<p>Gad\u017cetem promocyjnym festiwalu b\u0119d\u0105 uszyte z ze zbieranych od mieszka\u0144c\u00f3w\nw kwietniu firan, woreczki na zakupy, kt\u00f3re przez\nca\u0142y festiwal b\u0119d\u0105 rozdawane mieszka\u0144com Tych\u00f3w.<\/p>\n\n\n\n<p>\u201eTyskie \u017bywio\u0142y\u201d b\u0119d\u0105 tak\u017ce okazj\u0105 do podzielenia si\u0119 przemy\u015bleniami, opiniami i\npomys\u0142ami na temat dzia\u0142a\u0144, kt\u00f3re nale\u017cy podejmowa\u0107 w czasie wielkich zmian przyrodniczych i klimatycznych, w kt\u00f3rych \u017cyjemy obecnie. <\/p>\n\n\n\n<p><em>&#8211; Tak<\/em><em>\u0105<\/em><em> mo<\/em><em>\u017c<\/em><em>liwo<\/em><em>\u015b\u0107<\/em><em> stworzy dyskusja w formule open space <\/em><em>\u201e<\/em><em>Moje miasto w obliczu zmian klimatu<\/em><em>\u201d<\/em><em>, kt<\/em><em>\u00f3<\/em><em>r<\/em><em>\u0105<\/em><em> poprowadzi profesor nauk biologicznych &#8211; Piotr Skuba<\/em><em>\u0142<\/em><em>a. Zapraszamy na ni<\/em><em>\u0105<\/em><em> wszystkich mieszka<\/em><em>\u0144<\/em><em>c<\/em><em>\u00f3<\/em><em>w, dla kt<\/em><em>\u00f3<\/em><em>rych jest to wa<\/em><em>\u017c<\/em><em>ny temat. Spotkanie b<\/em><em>\u0119<\/em><em>dzie miejscem, gdzie\nb<\/em><em>\u0119<\/em><em>dziemy\nmogli si<\/em><em>\u0119<\/em><em> wypowiedzie<\/em><em>\u0107<\/em><em>, ale r<\/em><em>\u00f3<\/em><em>wnie<\/em><em>\u017c<\/em><em> wys<\/em><em>\u0142<\/em><em>ucha<\/em><em>\u0107<\/em><em> nawzajem i wsp<\/em><em>\u00f3<\/em><em>lnie stworzy<\/em><em>\u0107<\/em><em> wielkoformatow<\/em><em>\u0105<\/em><em> <\/em><em>\u201e<\/em><em>map<\/em><em>\u0119\u201d<\/em><em> priorytet<\/em><em>\u00f3<\/em><em>w dla zielonych Tych<\/em><em>\u00f3<\/em><em>w, w kt<\/em><em>\u00f3<\/em><em>rych chcemy (i da si<\/em><em>\u0119<\/em><em>) <\/em><em>\u017c<\/em><em>y<\/em><em>\u0107<\/em><em> &#8211; <\/em>dodaje <strong>Katarzyna Palka. <\/strong><\/p>\n\n\n\n<p>Integraln\u0105 cz\u0119\u015bci\u0105 Festiwalu b\u0119d\u0105 liczne zaj\u0119cia warsztatowe. Na\ncz\u0119\u015b\u0107 tych zaj\u0119\u0107, ze wzgl\u0119du na ograniczona liczb\u0119 miejsc, obowi\u0105zywa\u0107 b\u0119d\u0105 zapisy, kt\u00f3re ruszaj\u0105 w najbli\u017cszy pi\u0105tek \u2013 <strong>17 maja<\/strong>. Zapisy na\nwarsztaty oraz szczeg\u00f3\u0142owe informacje na\nich temat na stronie <a href=\"https:\/\/umtychy.pl\/tyskiezywioly\">https:\/\/umtychy.pl\/tyskiezywioly<\/a>.<\/p>\n\n\n\n<p>Pe\u0142na lista zaj\u0119\u0107 poni\u017cej: <\/p>\n\n\n\n<p>Warsztaty\nfestiwalu: <\/p>\n\n\n\n<table class=\"wp-block-table\"><tbody><tr><td>\n  <strong>&nbsp;<\/strong>\n  <\/td><td>\n  <strong>&nbsp;CO<\/strong>\n  <\/td><td>\n  <strong>JAK<\/strong>\n  <\/td><td>\n  <strong>DLA KOGO<\/strong>\n  <\/td><td>\n  <strong>O KT\u00d3REJ<\/strong>\n  <\/td><\/tr><tr><td>\n  1.\n  <\/td><td>\n  GIMNASTYKA S\u0141OWIA\u0143SKA DLA\n  KOBIET &#8211; \n  <\/td><td>\n  zapisy\n  <\/td><td>\n  tylko dla kobiet\n  <\/td><td>\n  10:00-12:00\n  <\/td><\/tr><tr><td>\n  2.\n  <\/td><td>\n  &nbsp;LE\u015aNA WYPRAWA RODZINNA &#8211; \n  <\/td><td>\n  zapisy\n  <\/td><td>\n  dla ca\u0142ych rodzin \n  <\/td><td>\n  10:00-12:00\n  <\/td><\/tr><tr><td>\n  3.\n  <\/td><td>\n  &nbsp;S\u0141OWIAN POJMOWANIE NATURY (warsztaty z\n  motank\u0105!) &#8211; \n  <\/td><td>\n  zapisy\n  <\/td><td>\n  dla rodzica z dzieckiem\n  <\/td><td>\n  &nbsp;12:00-13:30;\n  16:30-18:00\n  <\/td><\/tr><tr><td>\n  4.\n  <\/td><td>\n  &nbsp;LE\u015aNA RODZINNA GRA TERENOWA \n  <\/td><td>\n  zapisy\n  <\/td><td>\n  dla ca\u0142ych rodzin\n  <\/td><td>\n  13:00-16:00\n  <\/td><\/tr><tr><td>\n  5.\n  <\/td><td>\n  &nbsp;P\u0141\u00d3CIENNY ZIELNIK\n  <\/td><td>\n  zapisy\n  <\/td><td>\n  dla rodzica z dzieckiem\n  <\/td><td>\n  13:30-15:30\n  <\/td><\/tr><tr><td>\n  6.\n  <\/td><td>\n  &nbsp;TROPAMI LE\u015aNIKA\n  <\/td><td>\n  zapisy\n  <\/td><td>\n  &nbsp;dla rodzica z\n  dzieckiem\n  <\/td><td>\n  16:30-18:30\n  <\/td><\/tr><tr><td>\n  7.\n  <\/td><td>\n  &nbsp;MANDALA ZIEMIA\n  <\/td><td>\n  zapisy\n  <\/td><td>\n  &nbsp;dla dzieci\n  <\/td><td>\n  15:00-17:00\n  <\/td><\/tr><tr><td>\n  8.\n  <\/td><td>\n  &nbsp;BUDOWA LE\u015aNEGO PLACU ZABAW\n  <\/td><td>\n  zapisy\n  <\/td><td>\n  &nbsp;doro\u015bli\n  (+dzieci)\n  <\/td><td>\n  11:00-19:00\n  <\/td><\/tr><tr><td>\n  9.\n  <\/td><td>\n  &nbsp;D\u0179WI\u0118KI BLISKIE NATURY\n  <\/td><td>\n  zapisy\n  <\/td><td>\n  &nbsp;dla ka\u017cdego\n  <\/td><td>\n  13:00-14:00; 18:00-19:00 \n  <\/td><\/tr><tr><td>\n  10.\n  <\/td><td>\n  &nbsp;SMOKI UCZ\u0104 DZIECI nt. powietrza i \u015bmieci\n  <\/td><td>\n  wst\u0119p wolny\n  <\/td><td>\n  &nbsp;dla dzieci\n  <\/td><td>\n  &nbsp;10:00-14:00 \n  <\/td><\/tr><tr><td>\n  11.\n  <\/td><td>\n  &nbsp;NIEZ\u0141E ZI\u00d3\u0141KA CZUJ\u0104 MI\u0118T\u0118\n  <\/td><td>\n  wst\u0119p wolny\n  <\/td><td>\n  &nbsp;dla rodzica z\n  dzieckiem\n  <\/td><td>\n  10:00-15:00\n  <\/td><\/tr><tr><td>\n  12.\n  <\/td><td>\n  &nbsp;RATUJMY PSZCZO\u0141Y\n  <\/td><td>\n  wst\u0119p wolny\n  <\/td><td>\n  &nbsp;dla ka\u017cdego\n  <\/td><td>\n  &nbsp;od 10:00\n  <\/td><\/tr><tr><td>\n  13.\n  <\/td><td>\n  &nbsp;NOWE \u017bYCIE RZECZY\n  <\/td><td>\n  wst\u0119p wolny\n  <\/td><td>\n  &nbsp;dla ka\u017cdego\n  <\/td><td>\n  &nbsp;od 10:00\n  <\/td><\/tr><tr><td>\n  14.\n  <\/td><td>\n  &nbsp;ALE BOMBA! SIEJEMY \u0141\u0104K\u0118!\n  <\/td><td>\n  wst\u0119p wolny\n  <\/td><td>\n  &nbsp;dla rodzica z\n  dzieckiem\n  <\/td><td>\n  &nbsp;od 10:00\n  <\/td><\/tr><tr><td>\n  15.\n  <\/td><td>\n  &nbsp;EKO-GEOCACHING\n  <\/td><td>\n  wst\u0119p wolny\n  <\/td><td>\n  &nbsp;dla ka\u017cdego\n  <\/td><td>\n  &nbsp;czas dowolny\n  <\/td><\/tr><tr><td>\n  16.\n  <\/td><td>\n  &nbsp;ZIELONE SPRZ\u0104TANIE \n  <\/td><td>\n  wst\u0119p wolny\n  <\/td><td>\n  &nbsp;dla rodzica z\n  dzieckiem\n  <\/td><td>\n  &nbsp;od 11:00\n  <\/td><\/tr><tr><td>\n  17.\n  <\/td><td>\n  &nbsp;OZNACZAMY TYSK\u0104 PRZYROD\u0118\n  <\/td><td>\n  wst\u0119p wolny\n  <\/td><td>\n  &nbsp;dla rodzica z\n  dzieckiem\n  <\/td><td>\n  &nbsp;od 11:00\n  <\/td><\/tr><tr><td>\n  18.\n  <\/td><td>\n  &nbsp;WPAKUJMY SI\u0118 W CO\u015a FAJNEGO\n  <\/td><td>\n  wst\u0119p wolny\n  <\/td><td>\n  &nbsp;doro\u015bli\n  (+dzieci)\n  <\/td><td>\n  11:30-14:00; 15:30-18:00\n  <\/td><\/tr><tr><td>\n  19.\n  <\/td><td>\n  &nbsp;#TRASHTAG CHALLENEGE \u2013 TZUK\n  <\/td><td>\n  wst\u0119p wolny\n  <\/td><td>\n  &nbsp;doro\u015bli\n  (+dzieci)\n  <\/td><td>\n  11:00; 15:00; 18:00\n  <\/td><\/tr><tr><td>\n  20.\n  <\/td><td>\n  &nbsp;ROZMOWY O KLIMACIE\n  <\/td><td>\n  wst\u0119p wolny\n  <\/td><td>\n  &nbsp;doro\u015bli\n  <\/td><td>\n  12:30-13:30; 16:30-18:30\n  <\/td><\/tr><tr><td>\n  21.\n  <\/td><td>\n  &nbsp;WIELKIE OGNISKO S\u0141OWIA\u0143SKIE\n  <\/td><td>\n  wst\u0119p wolny\n  <\/td><td>\n  &nbsp;dla ka\u017cdego\n  <\/td><td>\n  20:00\n  <\/td><\/tr><tr><td>\n  22.\n  <\/td><td>\n  &nbsp;KINO PLENEROWE\n  <\/td><td>\n  wst\u0119p wolny\n  <\/td><td>\n  dla ka\u017cdego\n  <\/td><td>\n  11:00-12:30;14:30-16:00;19:00-20:30 \n  <\/td><\/tr><tr><td>\n  23.\n  <\/td><td>\n  &nbsp;ZABAWY Z WOD\u0104 &#8211; TYSKIE WODOCI\u0104GI (RPWiK\n  TYCHY S.A.)\n  <\/td><td>\n  wst\u0119p wolny\n  <\/td><td>\n  dla dzieci\n  <\/td><td>\n  10:00-18:00\n  <\/td><\/tr><tr><td>\n  24.\n  <\/td><td>\n  &nbsp;TYSKIE \u015aNIADANIA, INICJATYWA TYSKA\n  ZAPRASZA&nbsp; \n  <\/td><td>\n  strefa gastronomiczna\n  <\/td><td>\n  dla ka\u017cdego\n  &nbsp;\n  <\/td><td>\n  10:00-13:00\n  <\/td><\/tr><tr><td>\n  25.\n  <\/td><td>\n  &nbsp;BEACH BAR DZIKA PLA\u017bA \n  <\/td><td>\n  strefa gastronomiczna\n  <\/td><td>\n  dla ka\u017cdego\n  <\/td><td>\n  10:00-22:00\n  <\/td><\/tr><\/tbody><\/table>\n\n\n\n<p>\u0179r\u00f3d\u0142o: UM Tychy<\/p>\n<div class=\"post-author\" style=\"font-size:13px\">Witold Tr\u00f3lka<\/div><\/div>","protected":false},"excerpt":{"rendered":"<p>8 czerwca Tychami zaw\u0142adn\u0105 \u017cywio\u0142y\u2026&nbsp; \u201eTyskie \u017cywio\u0142y\u201d. W\u0142a\u015bnie pod taki has\u0142em odb\u0119dzie si\u0119 festiwal edukacji ekologicznej, kt\u00f3ry po raz&nbsp; trzeci organizuje miasto Tychy. Tym razem jednak festiwal zmienia lokalizacj\u0119 i odb\u0119dzie si\u0119 na tzw. Dzikiej Pla\u017cy w Paprocanach. Impreza za trzy tygodnie &#8211;&nbsp; ju\u017c teraz&#8230;<\/p>","protected":false},"author":140,"featured_media":9474,"comment_status":"closed","ping_status":"closed","sticky":false,"template":"","format":"standard","meta":{"_acf_changed":false,"footnotes":""},"categories":[241,231],"tags":[787,377,329],"class_list":["post-9471","post","type-post","status-publish","format-standard","has-post-thumbnail","hentry","category-kultura","category-tychy","tag-edukacja-ekologiczna","tag-kultura","tag-rekreacja"],"acf":[],"yoast_head":"<!-- This site is optimized with the Yoast SEO plugin v27.4 - https:\/\/yoast.com\/product\/yoast-seo-wordpress\/ -->\n<title>\u201eTyskie \u017bywio\u0142y\u201d w czerwcu w Tychach - Metropolia GZM<\/title>\n<meta name=\"description\" content=\"Oficjalny portal G\u00f3rno\u015bl\u0105sko-Zag\u0142\u0119biowskiej Metropolii\" \/>\n<meta name=\"robots\" content=\"index, follow, max-snippet:-1, max-image-preview:large, max-video-preview:-1\" \/>\n<link rel=\"canonical\" href=\"https:\/\/metropoliagzm.pl\/en\/2019\/05\/16\/tyskie-zywioly-w-czerwcu-w-tychach\/\" \/>\n<meta name=\"twitter:card\" content=\"summary_large_image\" \/>\n<meta name=\"twitter:title\" content=\"\u201eTyskie \u017bywio\u0142y\u201d w czerwcu w Tychach - Metropolia GZM\" \/>\n<meta name=\"twitter:description\" content=\"Oficjalny portal G\u00f3rno\u015bl\u0105sko-Zag\u0142\u0119biowskiej Metropolii\" \/>\n<meta name=\"twitter:image\" content=\"https:\/\/metropoliagzm.pl\/wp-content\/uploads\/2019\/05\/Tychy3.jpg\" \/>\n<meta name=\"twitter:label1\" content=\"Written by\" \/>\n\t<meta name=\"twitter:data1\" content=\"Witold Tr\u00f3lka\" \/>\n\t<meta name=\"twitter:label2\" content=\"Estimated reading time\" \/>\n\t<meta name=\"twitter:data2\" content=\"4 minutes\" \/>\n<script type=\"application\/ld+json\" class=\"yoast-schema-graph\">{\"@context\":\"https:\\\/\\\/schema.org\",\"@graph\":[{\"@type\":\"Article\",\"@id\":\"https:\\\/\\\/metropoliagzm.pl\\\/2019\\\/05\\\/16\\\/tyskie-zywioly-w-czerwcu-w-tychach\\\/#article\",\"isPartOf\":{\"@id\":\"https:\\\/\\\/metropoliagzm.pl\\\/2019\\\/05\\\/16\\\/tyskie-zywioly-w-czerwcu-w-tychach\\\/\"},\"author\":{\"name\":\"Witold Tr\u00f3lka\",\"@id\":\"https:\\\/\\\/metropoliagzm.pl\\\/en\\\/#\\\/schema\\\/person\\\/96e19c492916cfe1ba595fd2f60d95b8\"},\"headline\":\"\u201eTyskie \u017bywio\u0142y\u201d w czerwcu w Tychach\",\"datePublished\":\"2019-05-16T06:22:29+00:00\",\"dateModified\":\"2019-09-06T14:05:15+00:00\",\"mainEntityOfPage\":{\"@id\":\"https:\\\/\\\/metropoliagzm.pl\\\/2019\\\/05\\\/16\\\/tyskie-zywioly-w-czerwcu-w-tychach\\\/\"},\"wordCount\":750,\"publisher\":{\"@id\":\"https:\\\/\\\/metropoliagzm.pl\\\/en\\\/#organization\"},\"image\":{\"@id\":\"https:\\\/\\\/metropoliagzm.pl\\\/2019\\\/05\\\/16\\\/tyskie-zywioly-w-czerwcu-w-tychach\\\/#primaryimage\"},\"thumbnailUrl\":\"https:\\\/\\\/metropoliagzm.pl\\\/wp-content\\\/uploads\\\/2019\\\/05\\\/Tychy3.jpg\",\"keywords\":[\"edukacja ekologiczna\",\"Kultura\",\"rekreacja\"],\"articleSection\":[\"Kultura\",\"Tychy\"],\"inLanguage\":\"en-GB\"},{\"@type\":\"WebPage\",\"@id\":\"https:\\\/\\\/metropoliagzm.pl\\\/2019\\\/05\\\/16\\\/tyskie-zywioly-w-czerwcu-w-tychach\\\/\",\"url\":\"https:\\\/\\\/metropoliagzm.pl\\\/2019\\\/05\\\/16\\\/tyskie-zywioly-w-czerwcu-w-tychach\\\/\",\"name\":\"\u201eTyskie \u017bywio\u0142y\u201d w czerwcu w Tychach - Metropolia GZM\",\"isPartOf\":{\"@id\":\"https:\\\/\\\/metropoliagzm.pl\\\/en\\\/#website\"},\"primaryImageOfPage\":{\"@id\":\"https:\\\/\\\/metropoliagzm.pl\\\/2019\\\/05\\\/16\\\/tyskie-zywioly-w-czerwcu-w-tychach\\\/#primaryimage\"},\"image\":{\"@id\":\"https:\\\/\\\/metropoliagzm.pl\\\/2019\\\/05\\\/16\\\/tyskie-zywioly-w-czerwcu-w-tychach\\\/#primaryimage\"},\"thumbnailUrl\":\"https:\\\/\\\/metropoliagzm.pl\\\/wp-content\\\/uploads\\\/2019\\\/05\\\/Tychy3.jpg\",\"datePublished\":\"2019-05-16T06:22:29+00:00\",\"dateModified\":\"2019-09-06T14:05:15+00:00\",\"description\":\"Oficjalny portal G\u00f3rno\u015bl\u0105sko-Zag\u0142\u0119biowskiej Metropolii\",\"breadcrumb\":{\"@id\":\"https:\\\/\\\/metropoliagzm.pl\\\/2019\\\/05\\\/16\\\/tyskie-zywioly-w-czerwcu-w-tychach\\\/#breadcrumb\"},\"inLanguage\":\"en-GB\",\"potentialAction\":[{\"@type\":\"ReadAction\",\"target\":[\"https:\\\/\\\/metropoliagzm.pl\\\/2019\\\/05\\\/16\\\/tyskie-zywioly-w-czerwcu-w-tychach\\\/\"]}]},{\"@type\":\"ImageObject\",\"inLanguage\":\"en-GB\",\"@id\":\"https:\\\/\\\/metropoliagzm.pl\\\/2019\\\/05\\\/16\\\/tyskie-zywioly-w-czerwcu-w-tychach\\\/#primaryimage\",\"url\":\"https:\\\/\\\/metropoliagzm.pl\\\/wp-content\\\/uploads\\\/2019\\\/05\\\/Tychy3.jpg\",\"contentUrl\":\"https:\\\/\\\/metropoliagzm.pl\\\/wp-content\\\/uploads\\\/2019\\\/05\\\/Tychy3.jpg\",\"width\":5226,\"height\":3484,\"caption\":\"Foto: UM Tychy\\\/archiwum\"},{\"@type\":\"BreadcrumbList\",\"@id\":\"https:\\\/\\\/metropoliagzm.pl\\\/2019\\\/05\\\/16\\\/tyskie-zywioly-w-czerwcu-w-tychach\\\/#breadcrumb\",\"itemListElement\":[{\"@type\":\"ListItem\",\"position\":1,\"name\":\"Strona g\u0142\u00f3wna\",\"item\":\"https:\\\/\\\/metropoliagzm.pl\\\/\"},{\"@type\":\"ListItem\",\"position\":2,\"name\":\"\u201eTyskie \u017bywio\u0142y\u201d w czerwcu w Tychach\"}]},{\"@type\":\"WebSite\",\"@id\":\"https:\\\/\\\/metropoliagzm.pl\\\/en\\\/#website\",\"url\":\"https:\\\/\\\/metropoliagzm.pl\\\/en\\\/\",\"name\":\"Metropolia GZM\",\"description\":\"Oficjalny portal G\u00f3rno\u015bl\u0105sko-Zag\u0142\u0119biowskiej Metropolii\",\"publisher\":{\"@id\":\"https:\\\/\\\/metropoliagzm.pl\\\/en\\\/#organization\"},\"potentialAction\":[{\"@type\":\"SearchAction\",\"target\":{\"@type\":\"EntryPoint\",\"urlTemplate\":\"https:\\\/\\\/metropoliagzm.pl\\\/en\\\/?s={search_term_string}\"},\"query-input\":{\"@type\":\"PropertyValueSpecification\",\"valueRequired\":true,\"valueName\":\"search_term_string\"}}],\"inLanguage\":\"en-GB\"},{\"@type\":\"Organization\",\"@id\":\"https:\\\/\\\/metropoliagzm.pl\\\/en\\\/#organization\",\"name\":\"Metropolia GZM\",\"url\":\"https:\\\/\\\/metropoliagzm.pl\\\/en\\\/\",\"logo\":{\"@type\":\"ImageObject\",\"inLanguage\":\"en-GB\",\"@id\":\"https:\\\/\\\/metropoliagzm.pl\\\/en\\\/#\\\/schema\\\/logo\\\/image\\\/\",\"url\":\"https:\\\/\\\/metropoliagzm.pl\\\/wp-content\\\/uploads\\\/2019\\\/03\\\/Sygnet-strona-glowna.png\",\"contentUrl\":\"https:\\\/\\\/metropoliagzm.pl\\\/wp-content\\\/uploads\\\/2019\\\/03\\\/Sygnet-strona-glowna.png\",\"width\":36,\"height\":45,\"caption\":\"Metropolia GZM\"},\"image\":{\"@id\":\"https:\\\/\\\/metropoliagzm.pl\\\/en\\\/#\\\/schema\\\/logo\\\/image\\\/\"}},{\"@type\":\"Person\",\"@id\":\"https:\\\/\\\/metropoliagzm.pl\\\/en\\\/#\\\/schema\\\/person\\\/96e19c492916cfe1ba595fd2f60d95b8\",\"name\":\"Witold Tr\u00f3lka\",\"image\":{\"@type\":\"ImageObject\",\"inLanguage\":\"en-GB\",\"@id\":\"https:\\\/\\\/secure.gravatar.com\\\/avatar\\\/71e0c635e405b4a3631033f0d6f49e682b54dcd226d647737e1040a5a480d177?s=96&d=mm&r=g\",\"url\":\"https:\\\/\\\/secure.gravatar.com\\\/avatar\\\/71e0c635e405b4a3631033f0d6f49e682b54dcd226d647737e1040a5a480d177?s=96&d=mm&r=g\",\"contentUrl\":\"https:\\\/\\\/secure.gravatar.com\\\/avatar\\\/71e0c635e405b4a3631033f0d6f49e682b54dcd226d647737e1040a5a480d177?s=96&d=mm&r=g\",\"caption\":\"Witold Tr\u00f3lka\"},\"url\":\"https:\\\/\\\/metropoliagzm.pl\\\/en\\\/author\\\/w-trolka\\\/\"}]}<\/script>\n<!-- \/ Yoast SEO plugin. -->","yoast_head_json":{"title":"\u201eTyskie \u017bywio\u0142y\u201d w czerwcu w Tychach - Metropolia GZM","description":"Oficjalny portal G\u00f3rno\u015bl\u0105sko-Zag\u0142\u0119biowskiej Metropolii","robots":{"index":"index","follow":"follow","max-snippet":"max-snippet:-1","max-image-preview":"max-image-preview:large","max-video-preview":"max-video-preview:-1"},"canonical":"https:\/\/metropoliagzm.pl\/en\/2019\/05\/16\/tyskie-zywioly-w-czerwcu-w-tychach\/","twitter_card":"summary_large_image","twitter_title":"\u201eTyskie \u017bywio\u0142y\u201d w czerwcu w Tychach - Metropolia GZM","twitter_description":"Oficjalny portal G\u00f3rno\u015bl\u0105sko-Zag\u0142\u0119biowskiej Metropolii","twitter_image":"https:\/\/metropoliagzm.pl\/wp-content\/uploads\/2019\/05\/Tychy3.jpg","twitter_misc":{"Written by":"Witold Tr\u00f3lka","Estimated reading time":"4 minutes"},"schema":{"@context":"https:\/\/schema.org","@graph":[{"@type":"Article","@id":"https:\/\/metropoliagzm.pl\/2019\/05\/16\/tyskie-zywioly-w-czerwcu-w-tychach\/#article","isPartOf":{"@id":"https:\/\/metropoliagzm.pl\/2019\/05\/16\/tyskie-zywioly-w-czerwcu-w-tychach\/"},"author":{"name":"Witold Tr\u00f3lka","@id":"https:\/\/metropoliagzm.pl\/en\/#\/schema\/person\/96e19c492916cfe1ba595fd2f60d95b8"},"headline":"\u201eTyskie \u017bywio\u0142y\u201d w czerwcu w Tychach","datePublished":"2019-05-16T06:22:29+00:00","dateModified":"2019-09-06T14:05:15+00:00","mainEntityOfPage":{"@id":"https:\/\/metropoliagzm.pl\/2019\/05\/16\/tyskie-zywioly-w-czerwcu-w-tychach\/"},"wordCount":750,"publisher":{"@id":"https:\/\/metropoliagzm.pl\/en\/#organization"},"image":{"@id":"https:\/\/metropoliagzm.pl\/2019\/05\/16\/tyskie-zywioly-w-czerwcu-w-tychach\/#primaryimage"},"thumbnailUrl":"https:\/\/metropoliagzm.pl\/wp-content\/uploads\/2019\/05\/Tychy3.jpg","keywords":["edukacja ekologiczna","Kultura","rekreacja"],"articleSection":["Kultura","Tychy"],"inLanguage":"en-GB"},{"@type":"WebPage","@id":"https:\/\/metropoliagzm.pl\/2019\/05\/16\/tyskie-zywioly-w-czerwcu-w-tychach\/","url":"https:\/\/metropoliagzm.pl\/2019\/05\/16\/tyskie-zywioly-w-czerwcu-w-tychach\/","name":"\u201eTyskie \u017bywio\u0142y\u201d w czerwcu w Tychach - Metropolia GZM","isPartOf":{"@id":"https:\/\/metropoliagzm.pl\/en\/#website"},"primaryImageOfPage":{"@id":"https:\/\/metropoliagzm.pl\/2019\/05\/16\/tyskie-zywioly-w-czerwcu-w-tychach\/#primaryimage"},"image":{"@id":"https:\/\/metropoliagzm.pl\/2019\/05\/16\/tyskie-zywioly-w-czerwcu-w-tychach\/#primaryimage"},"thumbnailUrl":"https:\/\/metropoliagzm.pl\/wp-content\/uploads\/2019\/05\/Tychy3.jpg","datePublished":"2019-05-16T06:22:29+00:00","dateModified":"2019-09-06T14:05:15+00:00","description":"Oficjalny portal G\u00f3rno\u015bl\u0105sko-Zag\u0142\u0119biowskiej Metropolii","breadcrumb":{"@id":"https:\/\/metropoliagzm.pl\/2019\/05\/16\/tyskie-zywioly-w-czerwcu-w-tychach\/#breadcrumb"},"inLanguage":"en-GB","potentialAction":[{"@type":"ReadAction","target":["https:\/\/metropoliagzm.pl\/2019\/05\/16\/tyskie-zywioly-w-czerwcu-w-tychach\/"]}]},{"@type":"ImageObject","inLanguage":"en-GB","@id":"https:\/\/metropoliagzm.pl\/2019\/05\/16\/tyskie-zywioly-w-czerwcu-w-tychach\/#primaryimage","url":"https:\/\/metropoliagzm.pl\/wp-content\/uploads\/2019\/05\/Tychy3.jpg","contentUrl":"https:\/\/metropoliagzm.pl\/wp-content\/uploads\/2019\/05\/Tychy3.jpg","width":5226,"height":3484,"caption":"Foto: UM Tychy\/archiwum"},{"@type":"BreadcrumbList","@id":"https:\/\/metropoliagzm.pl\/2019\/05\/16\/tyskie-zywioly-w-czerwcu-w-tychach\/#breadcrumb","itemListElement":[{"@type":"ListItem","position":1,"name":"Strona g\u0142\u00f3wna","item":"https:\/\/metropoliagzm.pl\/"},{"@type":"ListItem","position":2,"name":"\u201eTyskie \u017bywio\u0142y\u201d w czerwcu w Tychach"}]},{"@type":"WebSite","@id":"https:\/\/metropoliagzm.pl\/en\/#website","url":"https:\/\/metropoliagzm.pl\/en\/","name":"Metropolia GZM","description":"Oficjalny portal G\u00f3rno\u015bl\u0105sko-Zag\u0142\u0119biowskiej Metropolii","publisher":{"@id":"https:\/\/metropoliagzm.pl\/en\/#organization"},"potentialAction":[{"@type":"SearchAction","target":{"@type":"EntryPoint","urlTemplate":"https:\/\/metropoliagzm.pl\/en\/?s={search_term_string}"},"query-input":{"@type":"PropertyValueSpecification","valueRequired":true,"valueName":"search_term_string"}}],"inLanguage":"en-GB"},{"@type":"Organization","@id":"https:\/\/metropoliagzm.pl\/en\/#organization","name":"Metropolia GZM","url":"https:\/\/metropoliagzm.pl\/en\/","logo":{"@type":"ImageObject","inLanguage":"en-GB","@id":"https:\/\/metropoliagzm.pl\/en\/#\/schema\/logo\/image\/","url":"https:\/\/metropoliagzm.pl\/wp-content\/uploads\/2019\/03\/Sygnet-strona-glowna.png","contentUrl":"https:\/\/metropoliagzm.pl\/wp-content\/uploads\/2019\/03\/Sygnet-strona-glowna.png","width":36,"height":45,"caption":"Metropolia GZM"},"image":{"@id":"https:\/\/metropoliagzm.pl\/en\/#\/schema\/logo\/image\/"}},{"@type":"Person","@id":"https:\/\/metropoliagzm.pl\/en\/#\/schema\/person\/96e19c492916cfe1ba595fd2f60d95b8","name":"Witold Tr\u00f3lka","image":{"@type":"ImageObject","inLanguage":"en-GB","@id":"https:\/\/secure.gravatar.com\/avatar\/71e0c635e405b4a3631033f0d6f49e682b54dcd226d647737e1040a5a480d177?s=96&d=mm&r=g","url":"https:\/\/secure.gravatar.com\/avatar\/71e0c635e405b4a3631033f0d6f49e682b54dcd226d647737e1040a5a480d177?s=96&d=mm&r=g","contentUrl":"https:\/\/secure.gravatar.com\/avatar\/71e0c635e405b4a3631033f0d6f49e682b54dcd226d647737e1040a5a480d177?s=96&d=mm&r=g","caption":"Witold Tr\u00f3lka"},"url":"https:\/\/metropoliagzm.pl\/en\/author\/w-trolka\/"}]}},"_links":{"self":[{"href":"https:\/\/metropoliagzm.pl\/en\/wp-json\/wp\/v2\/posts\/9471","targetHints":{"allow":["GET"]}}],"collection":[{"href":"https:\/\/metropoliagzm.pl\/en\/wp-json\/wp\/v2\/posts"}],"about":[{"href":"https:\/\/metropoliagzm.pl\/en\/wp-json\/wp\/v2\/types\/post"}],"author":[{"embeddable":true,"href":"https:\/\/metropoliagzm.pl\/en\/wp-json\/wp\/v2\/users\/140"}],"replies":[{"embeddable":true,"href":"https:\/\/metropoliagzm.pl\/en\/wp-json\/wp\/v2\/comments?post=9471"}],"version-history":[{"count":3,"href":"https:\/\/metropoliagzm.pl\/en\/wp-json\/wp\/v2\/posts\/9471\/revisions"}],"predecessor-version":[{"id":12757,"href":"https:\/\/metropoliagzm.pl\/en\/wp-json\/wp\/v2\/posts\/9471\/revisions\/12757"}],"wp:featuredmedia":[{"embeddable":true,"href":"https:\/\/metropoliagzm.pl\/en\/wp-json\/wp\/v2\/media\/9474"}],"wp:attachment":[{"href":"https:\/\/metropoliagzm.pl\/en\/wp-json\/wp\/v2\/media?parent=9471"}],"wp:term":[{"taxonomy":"category","embeddable":true,"href":"https:\/\/metropoliagzm.pl\/en\/wp-json\/wp\/v2\/categories?post=9471"},{"taxonomy":"post_tag","embeddable":true,"href":"https:\/\/metropoliagzm.pl\/en\/wp-json\/wp\/v2\/tags?post=9471"}],"curies":[{"name":"wp","href":"https:\/\/api.w.org\/{rel}","templated":true}]}}